{"id":2269,"date":"2022-10-06T14:17:06","date_gmt":"2022-10-06T14:17:06","guid":{"rendered":"https:\/\/ladepeche.mr\/?p=2269"},"modified":"2022-10-06T14:17:06","modified_gmt":"2022-10-06T14:17:06","slug":"telephonie-cellulaire-mattel-veut-renforcer-ses-infrastructures-par-des-equipements-huawei","status":"publish","type":"post","link":"https:\/\/ladepeche.mr\/?p=2269","title":{"rendered":"T\u00e9l\u00e9phonie cellulaire : Mattel veut renforcer ses infrastructures par des \u00e9quipements Huawei"},"content":{"rendered":"<p>Le premier op\u00e9rateur de t\u00e9l\u00e9phonie cellulaire, Mattel, compte sur la technologie Huawei pour se frayer le chemin et devenir, selon DG , Elyes Ben Sassi, \u00ab leader sur le march\u00e9 du Tr\u00e8s Haut D\u00e9bit en Mauritanie offrant des services innovants et contribuant au d\u00e9veloppement de l\u2019\u00e9conomie num\u00e9rique \u00bb de notre pays.<br \/>\nPour ce faire, Mattel a sign\u00e9 un accord de partenariat strat\u00e9gique avec Huawei pour le renforcement de ses infrastructures Haut D\u00e9bit. La Mattel, dans un environnement de concurrence que lui imposent les deux autres op\u00e9rateurs, Moov Mauritel et Chinguitel, tente d\u2019am\u00e9liorer la qualit\u00e9 de ses performances et consolider sa part de march\u00e9 dans notre pays.<br \/>\nLa Mattel aurait, selon ses responsables, poursuivi sa dynamique de croissance depuis 2019 avec aujourd\u2019hui une hausse de son chiffre d\u2019affaires pendant les six premiers mois de l\u2019ann\u00e9e 2022.<br \/>\nDans une d\u00e9claration qui lui est attribu\u00e9e, Elyes Ben Sassi, Directeur G\u00e9n\u00e9ral de Mattel aurait soutenu que \u201cle contrat conclu aujourd\u2019hui avec Huawei rentre dans le cadre de notre ambitieux programme d\u2019investissement \u00bb. La Huawei , quant \u00e0 elle, elle a assur\u00e9 Mattel de son accompagnement \u00ab pour atteindre son plein potentiel. Et ce en mettant \u00e0 sa disposition un line-up complet de solutions, produits et services, \u00e0 la fois comp\u00e9titifs et s\u00e9curis\u00e9s. Ce qui permet \u00e0 Mattel de se d\u00e9velopper et de prosp\u00e9rer \u00bb.<br \/>\n(avec m\u00e9dia)<\/p>\n","protected":false},"excerpt":{"rendered":"<p>Le premier op\u00e9rateur de t\u00e9l\u00e9phonie cellulaire, Mattel, compte sur la technologie Huawei pour se frayer le chemin et devenir, selon DG , Elyes Ben Sassi, \u00ab leader sur le march\u00e9 du Tr\u00e8s Haut D\u00e9bit en Mauritanie offrant des services innovants et contribuant au d\u00e9veloppement de l\u2019\u00e9conomie num\u00e9rique \u00bb de notre pays. Pour ce faire, Mattel &hellip;<\/p>\n","protected":false},"author":2,"featured_media":2270,"comment_status":"open","ping_status":"open","sticky":false,"template":"","format":"standard","meta":{"footnotes":""},"categories":[18,2],"tags":[],"class_list":["post-2269","post","type-post","status-publish","format-standard","has-post-thumbnail","hentry","category-actualites","category-economie"],"_links":{"self":[{"href":"https:\/\/ladepeche.mr\/index.php?rest_route=\/wp\/v2\/posts\/2269","targetHints":{"allow":["GET"]}}],"collection":[{"href":"https:\/\/ladepeche.mr\/index.php?rest_route=\/wp\/v2\/posts"}],"about":[{"href":"https:\/\/ladepeche.mr\/index.php?rest_route=\/wp\/v2\/types\/post"}],"author":[{"embeddable":true,"href":"https:\/\/ladepeche.mr\/index.php?rest_route=\/wp\/v2\/users\/2"}],"replies":[{"embeddable":true,"href":"https:\/\/ladepeche.mr\/index.php?rest_route=%2Fwp%2Fv2%2Fcomments&post=2269"}],"version-history":[{"count":1,"href":"https:\/\/ladepeche.mr\/index.php?rest_route=\/wp\/v2\/posts\/2269\/revisions"}],"predecessor-version":[{"id":2271,"href":"https:\/\/ladepeche.mr\/index.php?rest_route=\/wp\/v2\/posts\/2269\/revisions\/2271"}],"wp:featuredmedia":[{"embeddable":true,"href":"https:\/\/ladepeche.mr\/index.php?rest_route=\/wp\/v2\/media\/2270"}],"wp:attachment":[{"href":"https:\/\/ladepeche.mr\/index.php?rest_route=%2Fwp%2Fv2%2Fmedia&parent=2269"}],"wp:term":[{"taxonomy":"category","embeddable":true,"href":"https:\/\/ladepeche.mr\/index.php?rest_route=%2Fwp%2Fv2%2Fcategories&post=2269"},{"taxonomy":"post_tag","embeddable":true,"href":"https:\/\/ladepeche.mr\/index.php?rest_route=%2Fwp%2Fv2%2Ftags&post=2269"}],"curies":[{"name":"wp","href":"https:\/\/api.w.org\/{rel}","templated":true}]}}