{"id":2277,"date":"2022-10-07T13:12:12","date_gmt":"2022-10-07T13:12:12","guid":{"rendered":"https:\/\/ladepeche.mr\/?p=2277"},"modified":"2022-10-07T13:12:12","modified_gmt":"2022-10-07T13:12:12","slug":"hydrogene-vert-en-mauritanie-chariot-et-totaleren-scellent-leur-partenariat-pour-le-developpement-du-projet-nour","status":"publish","type":"post","link":"https:\/\/ladepeche.mr\/?p=2277","title":{"rendered":"Hydrog\u00e8ne vert en Mauritanie : Chariot et TotalEren scellent leur partenariat pour le d\u00e9veloppement du projet Nour"},"content":{"rendered":"<p>Le ministre mauritanien de l\u2019Energie, du P\u00e9trole et des Mines, Abdessalam Ould Mohamed Saleh, a supervis\u00e9 jeudi 6 octobre \u00e0 Paris la signature d&#8217;un accord de partenariat pour le d\u00e9veloppement du projet NOUR de production d&#8217;hydrog\u00e8ne vert en Mauritanie, entre Chariot &#038; Total Eren, selon un communiqu\u00e9 diffus\u00e9 vendredi par Chariot Limited sur son compte Twitter.<\/p>\n<p>Fabienne Demol, Vice-Pr\u00e9sidente Ex\u00e9cutive et Directrice du D\u00e9veloppement mondial de Total Eren, a d\u00e9clar\u00e9 : &#8220;Nous partageons tous une vision commune pour une \u00e9conomie verte de l&#8217;hydrog\u00e8ne, et avec CHAR, nous nous engageons \u00e0 aider \u00e0 d\u00e9velopper l&#8217;industrie locale, les services publics et les infrastructures qui se d\u00e9velopperaient parall\u00e8lement au projet Nour.&#8221;<\/p>\n<p>Adonis Pouroulis, PDG de Chariot, a ajout\u00e9 : \u00ab C&#8217;est une le\u00e7on d&#8217;humilit\u00e9 de travailler sur un projet qui b\u00e9n\u00e9ficie d&#8217;un soutien aussi important. Cette r\u00e9union a \u00e9t\u00e9 r\u00e9v\u00e9latrice du r\u00f4le important que Nour pourrait jouer \u00e0 plusieurs niveaux et nous sommes ravis de ce que l&#8217;avenir nous r\u00e9serve \u00e0 mesure que nous avan\u00e7ons.&#8221;<\/p>\n<p>D\u00e9but septembre dernier, le Consortium compos\u00e9 de Chariot Limited, acteur de la transition \u00e9nerg\u00e9tique en Afrique et Total Eren, leader de la Production Ind\u00e9pendante d\u2019\u00e9lectricit\u00e9 bas\u00e9 \u00e0 Paris, ont annonc\u00e9 le lancement d\u2019\u00e9tudes de faisabilit\u00e9 afin de co-d\u00e9velopper le \u00ab Projet Nour \u00bb, un projet d\u2019hydrog\u00e8ne vert de grande ampleur situ\u00e9 en Mauritanie.<\/p>\n<p>Avec un potentiel pouvant atteindre jusqu\u2019\u00e0 10 GW d\u2019\u00e9lectrolyse, il pourrait devenir, une fois mis en \u0153uvre, l\u2019un des plus importants projets d\u2019hydrog\u00e8ne vert en Afrique.<\/p>\n<p>Par Babacar BAYE NDIAYE<br \/>\nPour Cridem<\/p>\n","protected":false},"excerpt":{"rendered":"<p>Le ministre mauritanien de l\u2019Energie, du P\u00e9trole et des Mines, Abdessalam Ould Mohamed Saleh, a supervis\u00e9 jeudi 6 octobre \u00e0 Paris la signature d&#8217;un accord de partenariat pour le d\u00e9veloppement du projet NOUR de production d&#8217;hydrog\u00e8ne vert en Mauritanie, entre Chariot &#038; Total Eren, selon un communiqu\u00e9 diffus\u00e9 vendredi par Chariot Limited sur son compte &hellip;<\/p>\n","protected":false},"author":2,"featured_media":2278,"comment_status":"open","ping_status":"open","sticky":false,"template":"","format":"standard","meta":{"footnotes":""},"categories":[18,2],"tags":[],"class_list":["post-2277","post","type-post","status-publish","format-standard","has-post-thumbnail","hentry","category-actualites","category-economie"],"_links":{"self":[{"href":"https:\/\/ladepeche.mr\/index.php?rest_route=\/wp\/v2\/posts\/2277","targetHints":{"allow":["GET"]}}],"collection":[{"href":"https:\/\/ladepeche.mr\/index.php?rest_route=\/wp\/v2\/posts"}],"about":[{"href":"https:\/\/ladepeche.mr\/index.php?rest_route=\/wp\/v2\/types\/post"}],"author":[{"embeddable":true,"href":"https:\/\/ladepeche.mr\/index.php?rest_route=\/wp\/v2\/users\/2"}],"replies":[{"embeddable":true,"href":"https:\/\/ladepeche.mr\/index.php?rest_route=%2Fwp%2Fv2%2Fcomments&post=2277"}],"version-history":[{"count":1,"href":"https:\/\/ladepeche.mr\/index.php?rest_route=\/wp\/v2\/posts\/2277\/revisions"}],"predecessor-version":[{"id":2279,"href":"https:\/\/ladepeche.mr\/index.php?rest_route=\/wp\/v2\/posts\/2277\/revisions\/2279"}],"wp:featuredmedia":[{"embeddable":true,"href":"https:\/\/ladepeche.mr\/index.php?rest_route=\/wp\/v2\/media\/2278"}],"wp:attachment":[{"href":"https:\/\/ladepeche.mr\/index.php?rest_route=%2Fwp%2Fv2%2Fmedia&parent=2277"}],"wp:term":[{"taxonomy":"category","embeddable":true,"href":"https:\/\/ladepeche.mr\/index.php?rest_route=%2Fwp%2Fv2%2Fcategories&post=2277"},{"taxonomy":"post_tag","embeddable":true,"href":"https:\/\/ladepeche.mr\/index.php?rest_route=%2Fwp%2Fv2%2Ftags&post=2277"}],"curies":[{"name":"wp","href":"https:\/\/api.w.org\/{rel}","templated":true}]}}