{"id":2316,"date":"2022-10-08T16:04:39","date_gmt":"2022-10-08T16:04:39","guid":{"rendered":"https:\/\/ladepeche.mr\/?p=2316"},"modified":"2022-10-08T16:04:39","modified_gmt":"2022-10-08T16:04:39","slug":"laccord-mauritano-malien-dans-le-domaine-de-lelevage-reactive","status":"publish","type":"post","link":"https:\/\/ladepeche.mr\/?p=2316","title":{"rendered":"L\u2019accord mauritano-malien dans le domaine de l\u2019\u00e9levage r\u00e9activ\u00e9"},"content":{"rendered":"<p>Ce protocole r\u00e9activant cet accord est destin\u00e9 \u00e0 accro\u00eetre la coop\u00e9ration dans les domaines de la sant\u00e9 et la production animale et l\u2019organisation d\u2019une p\u00e9riode de transhumance au niveau de la bande frontali\u00e8re entre les deux pays.<\/p>\n<p>Selon le minist\u00e8re mauritanien de l\u2019\u00e9levage cet accord vise \u00e0 accro\u00eetre le rythme des \u00e9changes d\u2019exp\u00e9rience entre les deux pays.<\/p>\n<p>Le protocole pr\u00e9voit la cr\u00e9ation d\u2019une commission commune pour la coordination et le suivi commun du protocole et la dynamisation de l\u2019accord entre les deux pays.<\/p>\n<p>Le ministre mauritanien de l\u2019\u00e9levage Mohamed Abdallahi O. Ethmane a d\u00e9clar\u00e9 que l\u2019\u00e9levage constitue un pilier essentiel des \u00e9conomies des pays du Sahel o\u00f9 la richesse animale est estim\u00e9e \u00e0 280 millions de t\u00eates en plus de millions d\u2019acteurs dans ce domaine qui constitue une source importante de revenus pour les populations.<\/p>\n<p>Ould Ethmane a encore dit que son d\u00e9partement travaille \u00e0 la mise en place d\u2019une strat\u00e9gie destin\u00e9e \u00e0 moderniser l\u2019\u00e9levage bas\u00e9e sur l\u2019augmentation de la production et les produits d\u2019\u00e9levage, la cr\u00e9ation d\u2019un climat appropri\u00e9 pour d\u00e9velopper le secteur.<\/p>\n<p>Cette strat\u00e9gie pr\u00e9voit \u00e9galement d\u2019accro\u00eetre les productions animales \u00e0 travers la surveillance de la qualit\u00e9 et le renforcement du cadre institutionnel par l\u2019int\u00e9gration du secteur priv\u00e9.<\/p>\n<p>Pour sa part, le ministre malien d\u00e9l\u00e9gu\u00e9 aupr\u00e8s du ministre du d\u00e9veloppement rural charg\u00e9 de la richesse animale et la p\u00eache, Boba Ba a dit que la r\u00e9activation de cet accord de partenariat entre dans le cadre de la consolidation des relations d\u2019amiti\u00e9 et de coop\u00e9ration entre les deux pays dans le domaine de l\u2019\u00e9levage et consacre la volont\u00e9 partag\u00e9e d\u2019approfondir cette coop\u00e9ration.<\/p>\n<p>via malijet.co<\/p>\n","protected":false},"excerpt":{"rendered":"<p>Ce protocole r\u00e9activant cet accord est destin\u00e9 \u00e0 accro\u00eetre la coop\u00e9ration dans les domaines de la sant\u00e9 et la production animale et l\u2019organisation d\u2019une p\u00e9riode de transhumance au niveau de la bande frontali\u00e8re entre les deux pays. Selon le minist\u00e8re mauritanien de l\u2019\u00e9levage cet accord vise \u00e0 accro\u00eetre le rythme des \u00e9changes d\u2019exp\u00e9rience entre les &hellip;<\/p>\n","protected":false},"author":2,"featured_media":2317,"comment_status":"open","ping_status":"open","sticky":false,"template":"","format":"standard","meta":{"footnotes":""},"categories":[27],"tags":[],"class_list":["post-2316","post","type-post","status-publish","format-standard","has-post-thumbnail","hentry","category-sante"],"_links":{"self":[{"href":"https:\/\/ladepeche.mr\/index.php?rest_route=\/wp\/v2\/posts\/2316","targetHints":{"allow":["GET"]}}],"collection":[{"href":"https:\/\/ladepeche.mr\/index.php?rest_route=\/wp\/v2\/posts"}],"about":[{"href":"https:\/\/ladepeche.mr\/index.php?rest_route=\/wp\/v2\/types\/post"}],"author":[{"embeddable":true,"href":"https:\/\/ladepeche.mr\/index.php?rest_route=\/wp\/v2\/users\/2"}],"replies":[{"embeddable":true,"href":"https:\/\/ladepeche.mr\/index.php?rest_route=%2Fwp%2Fv2%2Fcomments&post=2316"}],"version-history":[{"count":1,"href":"https:\/\/ladepeche.mr\/index.php?rest_route=\/wp\/v2\/posts\/2316\/revisions"}],"predecessor-version":[{"id":2318,"href":"https:\/\/ladepeche.mr\/index.php?rest_route=\/wp\/v2\/posts\/2316\/revisions\/2318"}],"wp:featuredmedia":[{"embeddable":true,"href":"https:\/\/ladepeche.mr\/index.php?rest_route=\/wp\/v2\/media\/2317"}],"wp:attachment":[{"href":"https:\/\/ladepeche.mr\/index.php?rest_route=%2Fwp%2Fv2%2Fmedia&parent=2316"}],"wp:term":[{"taxonomy":"category","embeddable":true,"href":"https:\/\/ladepeche.mr\/index.php?rest_route=%2Fwp%2Fv2%2Fcategories&post=2316"},{"taxonomy":"post_tag","embeddable":true,"href":"https:\/\/ladepeche.mr\/index.php?rest_route=%2Fwp%2Fv2%2Ftags&post=2316"}],"curies":[{"name":"wp","href":"https:\/\/api.w.org\/{rel}","templated":true}]}}