{"id":2330,"date":"2022-10-08T21:58:10","date_gmt":"2022-10-08T21:58:10","guid":{"rendered":"https:\/\/ladepeche.mr\/?p=2330"},"modified":"2022-10-08T22:11:35","modified_gmt":"2022-10-08T22:11:35","slug":"affaire-de-lancien-president-la-guerre-du-verbe-des-avocats-des-deux-parties","status":"publish","type":"post","link":"https:\/\/ladepeche.mr\/?p=2330","title":{"rendered":"Affaire de l\u2019ancien pr\u00e9sident : La guerre du verbe des avocats des deux parties"},"content":{"rendered":"<p>Les avocats de l\u2019ancien pr\u00e9sident, Mohamed Ould Abdelaziz, et ceux de l\u2019Etat engagent ces derniers jours une guerre de d\u00e9clarations \u00e0 travers les m\u00e9dias pour faire valoir les th\u00e8ses profitables \u00e0 leurs clients respectifs.<br \/>\nCet \u00e9tat de fait fait suite \u00e0 l\u2019activisme de l\u2019ancien pr\u00e9sident, Mohamed Ould Abdelaziz, en Europe o\u00f9 il a men\u00e9 plusieurs rencontres et r\u00e9it\u00e9r\u00e9 sa volont\u00e9 de poursuivre son \u00ab combat politique\u00bb malgr\u00e9 le \u00abharc\u00e8lement \u00bb dont il ferait l\u2019objet de la part du r\u00e9gime au pouvoir actuellement. Il a m\u00eame r\u00e9v\u00e9l\u00e9 qu\u2019il soutiendrait des candidats lors des prochaines \u00e9lections g\u00e9n\u00e9rales anticip\u00e9es.<br \/>\nC\u2019est \u00e0 la suite du commentaire du ministre de la justice -interpel\u00e9 sur les rencontres de l\u2019ancien pr\u00e9sident en Europe- qui lui a indirectement r\u00e9pondu pour signifier que l\u2019enqu\u00eate judiciaire contre lui n\u2019aurait aucun relent politique et qu\u2019il \u00e9tait poursuivi pour  les cheffes d\u2019accusation \u00abd\u2019enrichissement illicite, recel et blanchiment d\u2019argent \u00bb. Une charge soutenue aussi par Me Ebetty, qui m\u00e8ne une soixante d\u2019avocats d\u00e9fendant les int\u00e9r\u00eats de l\u2019Etat. Me Ebetty qui \u00e9voque \u00ab un blanchiment d\u2019argent \u00bb de la part de l\u2019ancien pr\u00e9sident estime que l\u2019ancien pr\u00e9sident a d\u00e9tourn\u00e9 \u00e0 son propre profit et au d\u00e9triment de l\u2019Etat, des biens et qu\u2019il les aurait soigneusement dissimil\u00e9s dans le pays et \u00e0 l\u2019\u00e9tranger.<br \/>\nQue nenni r\u00e9torque l\u2019ancien pr\u00e9sident qui a mis au d\u00e9fi l\u2019Etat de prouver qu\u2019il ait d\u00e9tourn\u00e9 \u00ab le moinde ouguiya des caisses de l\u2019Etat \u00bb. Une certitude qui fait dire \u00e0 ses avocats que l\u2019affaire est depuis le d\u00e9but une affaire politique par excellence. La d\u00e9fense en veut pour preuve ce qu\u2019elle consid\u00e8re comme \u00ab immixtions r\u00e9p\u00e9t\u00e9es \u00bb de l\u2019ex\u00e9cutif dans la proc\u00e9dure judiciaire. Le collectif des avocats de l\u2019ancien pr\u00e9sident accuse et le p\u00f4le d\u2019enqu\u00eate et le parquet d\u2019avoir fomenter une affaire \u00absans fondement \u00bb dans l\u2019unique objectif de faire taire un opposant au r\u00e9gime. La d\u00e9fense pr\u00e9tend d\u2019ailleurs que l\u2019impossibilit\u00e9 pour l\u2019Etat de produire des preuves contre l\u2019ancien pr\u00e9sident explique le retard d\u2019un proc\u00e8s que l\u2019ancien pr\u00e9sident souhaite public et \u00e9quitable.<\/p>\n","protected":false},"excerpt":{"rendered":"<p>Les avocats de l\u2019ancien pr\u00e9sident, Mohamed Ould Abdelaziz, et ceux de l\u2019Etat engagent ces derniers jours une guerre de d\u00e9clarations \u00e0 travers les m\u00e9dias pour faire valoir les th\u00e8ses profitables \u00e0 leurs clients respectifs. Cet \u00e9tat de fait fait suite \u00e0 l\u2019activisme de l\u2019ancien pr\u00e9sident, Mohamed Ould Abdelaziz, en Europe o\u00f9 il a men\u00e9 plusieurs &hellip;<\/p>\n","protected":false},"author":2,"featured_media":2331,"comment_status":"open","ping_status":"open","sticky":false,"template":"","format":"standard","meta":{"footnotes":""},"categories":[18],"tags":[],"class_list":["post-2330","post","type-post","status-publish","format-standard","has-post-thumbnail","hentry","category-actualites"],"_links":{"self":[{"href":"https:\/\/ladepeche.mr\/index.php?rest_route=\/wp\/v2\/posts\/2330","targetHints":{"allow":["GET"]}}],"collection":[{"href":"https:\/\/ladepeche.mr\/index.php?rest_route=\/wp\/v2\/posts"}],"about":[{"href":"https:\/\/ladepeche.mr\/index.php?rest_route=\/wp\/v2\/types\/post"}],"author":[{"embeddable":true,"href":"https:\/\/ladepeche.mr\/index.php?rest_route=\/wp\/v2\/users\/2"}],"replies":[{"embeddable":true,"href":"https:\/\/ladepeche.mr\/index.php?rest_route=%2Fwp%2Fv2%2Fcomments&post=2330"}],"version-history":[{"count":2,"href":"https:\/\/ladepeche.mr\/index.php?rest_route=\/wp\/v2\/posts\/2330\/revisions"}],"predecessor-version":[{"id":2333,"href":"https:\/\/ladepeche.mr\/index.php?rest_route=\/wp\/v2\/posts\/2330\/revisions\/2333"}],"wp:featuredmedia":[{"embeddable":true,"href":"https:\/\/ladepeche.mr\/index.php?rest_route=\/wp\/v2\/media\/2331"}],"wp:attachment":[{"href":"https:\/\/ladepeche.mr\/index.php?rest_route=%2Fwp%2Fv2%2Fmedia&parent=2330"}],"wp:term":[{"taxonomy":"category","embeddable":true,"href":"https:\/\/ladepeche.mr\/index.php?rest_route=%2Fwp%2Fv2%2Fcategories&post=2330"},{"taxonomy":"post_tag","embeddable":true,"href":"https:\/\/ladepeche.mr\/index.php?rest_route=%2Fwp%2Fv2%2Ftags&post=2330"}],"curies":[{"name":"wp","href":"https:\/\/api.w.org\/{rel}","templated":true}]}}