{"id":2334,"date":"2022-10-09T14:53:17","date_gmt":"2022-10-09T14:53:17","guid":{"rendered":"https:\/\/ladepeche.mr\/?p=2334"},"modified":"2022-10-09T14:53:17","modified_gmt":"2022-10-09T14:53:17","slug":"burkina-le-capitaine-traore-officiellement-nomme-president","status":"publish","type":"post","link":"https:\/\/ladepeche.mr\/?p=2334","title":{"rendered":"Burkina : le capitaine Traor\u00e9 officiellement nomm\u00e9 pr\u00e9sident"},"content":{"rendered":"<p>Apr\u00e8s le coup d\u2019\u00e9tat qui a engendr\u00e9 la d\u00e9mission du lieutenant-colonel Damiba vendredi 30 septembre, le capitaine Traor\u00e9 a officiellement \u00e9t\u00e9 nomm\u00e9 chef de l\u2019\u00e9tat et des forces arm\u00e9es ce mercredi.<br \/>\nApr\u00e8s le coup d\u2019\u00e9tat qui a engendr\u00e9 la d\u00e9mission du lieutenant-colonel Damiba vendredi 30 septembre, le capitaine Traor\u00e9 a officiellement \u00e9t\u00e9 nomm\u00e9 chef de l\u2019\u00e9tat et des forces arm\u00e9es ce mercredi. L\u2019annonce a \u00e9t\u00e9 faite aux burkinab\u00e9s dans un communiqu\u00e9 officiel \u00e0 la t\u00e9l\u00e9vision nationale.<\/p>\n<p>&#8220;Le pr\u00e9sident du Mouvement patriotique pour la sauvegarde et la restauration (MPSR) assure les fonctions de chef de l&#8217;Etat, chef supr\u00eame des forces arm\u00e9es nationales. Il est garant de l&#8217;ind\u00e9pendance de la magistrature. En cas d&#8217;emp\u00eachement du pr\u00e9sident, ses pouvoirs sont exerc\u00e9s par le premier vice-pr\u00e9sident et le cas \u00e9ch\u00e9ant par le deuxi\u00e8me vice-pr\u00e9sident.&#8221; a annonc\u00e9  le porte-parole du MPSR, le capitaine Kiswendsida Farouk Azaria Sorgho.<br \/>\nA la t\u00eate d\u2019une faction d\u2019officiers subalternes m\u00e9contents, le capitaine Traor\u00e9 a renvers\u00e9 le lieutenant-colonel Damiba qui avait lui-m\u00eame acc\u00e9d\u00e9 au pouvoir en janvier.<\/p>\n<p>Ce dernier a fui au Togo \u00e0 la suite de l\u2019affrontement de deux jours qui a \u00e9t\u00e9 d\u00e9samorc\u00e9 par des chefs religieux et communautaires.<\/p>\n<p>\u00c0 34 ans, Ibrahim Traor\u00e9 devient le plus jeune chef d&#8217;Etat au monde, devant le Chilien Gabriel Boric, 36 ans.<br \/>\nhttps:\/\/www.msn.com\/<\/p>\n","protected":false},"excerpt":{"rendered":"<p>Apr\u00e8s le coup d\u2019\u00e9tat qui a engendr\u00e9 la d\u00e9mission du lieutenant-colonel Damiba vendredi 30 septembre, le capitaine Traor\u00e9 a officiellement \u00e9t\u00e9 nomm\u00e9 chef de l\u2019\u00e9tat et des forces arm\u00e9es ce mercredi. Apr\u00e8s le coup d\u2019\u00e9tat qui a engendr\u00e9 la d\u00e9mission du lieutenant-colonel Damiba vendredi 30 septembre, le capitaine Traor\u00e9 a officiellement \u00e9t\u00e9 nomm\u00e9 chef de &hellip;<\/p>\n","protected":false},"author":2,"featured_media":2335,"comment_status":"open","ping_status":"open","sticky":false,"template":"","format":"standard","meta":{"footnotes":""},"categories":[29,28],"tags":[],"class_list":["post-2334","post","type-post","status-publish","format-standard","has-post-thumbnail","hentry","category-monde","category-sahel"],"_links":{"self":[{"href":"https:\/\/ladepeche.mr\/index.php?rest_route=\/wp\/v2\/posts\/2334","targetHints":{"allow":["GET"]}}],"collection":[{"href":"https:\/\/ladepeche.mr\/index.php?rest_route=\/wp\/v2\/posts"}],"about":[{"href":"https:\/\/ladepeche.mr\/index.php?rest_route=\/wp\/v2\/types\/post"}],"author":[{"embeddable":true,"href":"https:\/\/ladepeche.mr\/index.php?rest_route=\/wp\/v2\/users\/2"}],"replies":[{"embeddable":true,"href":"https:\/\/ladepeche.mr\/index.php?rest_route=%2Fwp%2Fv2%2Fcomments&post=2334"}],"version-history":[{"count":1,"href":"https:\/\/ladepeche.mr\/index.php?rest_route=\/wp\/v2\/posts\/2334\/revisions"}],"predecessor-version":[{"id":2336,"href":"https:\/\/ladepeche.mr\/index.php?rest_route=\/wp\/v2\/posts\/2334\/revisions\/2336"}],"wp:featuredmedia":[{"embeddable":true,"href":"https:\/\/ladepeche.mr\/index.php?rest_route=\/wp\/v2\/media\/2335"}],"wp:attachment":[{"href":"https:\/\/ladepeche.mr\/index.php?rest_route=%2Fwp%2Fv2%2Fmedia&parent=2334"}],"wp:term":[{"taxonomy":"category","embeddable":true,"href":"https:\/\/ladepeche.mr\/index.php?rest_route=%2Fwp%2Fv2%2Fcategories&post=2334"},{"taxonomy":"post_tag","embeddable":true,"href":"https:\/\/ladepeche.mr\/index.php?rest_route=%2Fwp%2Fv2%2Ftags&post=2334"}],"curies":[{"name":"wp","href":"https:\/\/api.w.org\/{rel}","templated":true}]}}