{"id":2350,"date":"2022-10-10T14:14:25","date_gmt":"2022-10-10T14:14:25","guid":{"rendered":"https:\/\/ladepeche.mr\/?p=2350"},"modified":"2022-10-10T14:14:45","modified_gmt":"2022-10-10T14:14:45","slug":"le-president-de-la-republique-se-rend-a-malabo","status":"publish","type":"post","link":"https:\/\/ladepeche.mr\/?p=2350","title":{"rendered":"Le Pr\u00e9sident de la R\u00e9publique se rend \u00e0 Malabo"},"content":{"rendered":"<p>Son Excellence le Pr\u00e9sident de la R\u00e9publique, M. Mohamed Ould Cheikh El Ghazouani, a quitt\u00e9 Nouakchott, ce lundi matin, \u00e0 destination de Malabo (Guin\u00e9e \u00e9quatoriale), dans le cadre d\u2019une visite d\u2019amiti\u00e9 et de travail.<\/p>\n<p>Le Pr\u00e9sident de la R\u00e9publique a \u00e9t\u00e9 salu\u00e9 d\u00e8s son d\u00e9part \u00e0 l\u2019a\u00e9roport international de Nouakchott Oumtounsi par le Premier ministre, M. Mohamed Ould Bilal Massoud, le ministre secr\u00e9taire g\u00e9n\u00e9ral de la Pr\u00e9sidence de la R\u00e9publique, la ministre Conseill\u00e8re \u00e0 la Pr\u00e9sidence de de la R\u00e9publique, des membres du gouvernement, le chef d\u2019\u00e9tat-major particulier du Pr\u00e9sident de la R\u00e9publique, la directrice adjointe de cabinet du Pr\u00e9sident de la R\u00e9publique, le wali Nouakchott-Ouest, et la vice-pr\u00e9sidente de la r\u00e9gion de Nouakchott.<\/p>\n<p>Au cours de cette visite, Son Excellence le Pr\u00e9sident de la R\u00e9publique est accompagn\u00e9 d\u2019une importante d\u00e9l\u00e9gation qui comprend MM. :<\/p>\n<p>\u2013 Mohamed Salem Ould Merzoug, ministre des Affaires \u00e9trang\u00e8res, de la Coop\u00e9ration et des Mauritaniens de l\u2019Ext\u00e9rieur ;<\/p>\n<p>Ismail Ould Cheikh Ahmed, directeur de cabinet du Pr\u00e9sident de la R\u00e9publique;<\/p>\n<p>\u2013 Mohamed Ould Makhala, ambassadeur de la Mauritanie aupr\u00e8s de la Guin\u00e9e \u00e9quatoriale ;<\/p>\n<p>\u2013 Tall Ousmane, charg\u00e9 de mission \u00e0 la Pr\u00e9sidence de la R\u00e9publique ;<\/p>\n<p>\u2013 Houssein Ould Naji, conseiller \u00e0 la Pr\u00e9sidence de la R\u00e9publique ;<\/p>\n<p>-El Hacen Ould Ahmed, directeur g\u00e9n\u00e9ral du protocole d\u2019\u00c9tat.<br \/>\nAmi<\/p>\n","protected":false},"excerpt":{"rendered":"<p>Son Excellence le Pr\u00e9sident de la R\u00e9publique, M. Mohamed Ould Cheikh El Ghazouani, a quitt\u00e9 Nouakchott, ce lundi matin, \u00e0 destination de Malabo (Guin\u00e9e \u00e9quatoriale), dans le cadre d\u2019une visite d\u2019amiti\u00e9 et de travail. Le Pr\u00e9sident de la R\u00e9publique a \u00e9t\u00e9 salu\u00e9 d\u00e8s son d\u00e9part \u00e0 l\u2019a\u00e9roport international de Nouakchott Oumtounsi par le Premier ministre, &hellip;<\/p>\n","protected":false},"author":2,"featured_media":2351,"comment_status":"open","ping_status":"open","sticky":false,"template":"","format":"standard","meta":{"footnotes":""},"categories":[18,29],"tags":[],"class_list":["post-2350","post","type-post","status-publish","format-standard","has-post-thumbnail","hentry","category-actualites","category-monde"],"_links":{"self":[{"href":"https:\/\/ladepeche.mr\/index.php?rest_route=\/wp\/v2\/posts\/2350","targetHints":{"allow":["GET"]}}],"collection":[{"href":"https:\/\/ladepeche.mr\/index.php?rest_route=\/wp\/v2\/posts"}],"about":[{"href":"https:\/\/ladepeche.mr\/index.php?rest_route=\/wp\/v2\/types\/post"}],"author":[{"embeddable":true,"href":"https:\/\/ladepeche.mr\/index.php?rest_route=\/wp\/v2\/users\/2"}],"replies":[{"embeddable":true,"href":"https:\/\/ladepeche.mr\/index.php?rest_route=%2Fwp%2Fv2%2Fcomments&post=2350"}],"version-history":[{"count":2,"href":"https:\/\/ladepeche.mr\/index.php?rest_route=\/wp\/v2\/posts\/2350\/revisions"}],"predecessor-version":[{"id":2353,"href":"https:\/\/ladepeche.mr\/index.php?rest_route=\/wp\/v2\/posts\/2350\/revisions\/2353"}],"wp:featuredmedia":[{"embeddable":true,"href":"https:\/\/ladepeche.mr\/index.php?rest_route=\/wp\/v2\/media\/2351"}],"wp:attachment":[{"href":"https:\/\/ladepeche.mr\/index.php?rest_route=%2Fwp%2Fv2%2Fmedia&parent=2350"}],"wp:term":[{"taxonomy":"category","embeddable":true,"href":"https:\/\/ladepeche.mr\/index.php?rest_route=%2Fwp%2Fv2%2Fcategories&post=2350"},{"taxonomy":"post_tag","embeddable":true,"href":"https:\/\/ladepeche.mr\/index.php?rest_route=%2Fwp%2Fv2%2Ftags&post=2350"}],"curies":[{"name":"wp","href":"https:\/\/api.w.org\/{rel}","templated":true}]}}