{"id":2354,"date":"2022-10-10T22:59:18","date_gmt":"2022-10-10T22:59:18","guid":{"rendered":"https:\/\/ladepeche.mr\/?p=2354"},"modified":"2022-10-10T23:14:05","modified_gmt":"2022-10-10T23:14:05","slug":"recherche-innovation-et-enseignement-sup-nouakchott-une-reunion-dexperts-des-pays-du-dialogue-55","status":"publish","type":"post","link":"https:\/\/ladepeche.mr\/?p=2354","title":{"rendered":"Recherche, innovation et enseignement sup : Nouakchott abrite une r\u00e9union d\u2019experts des pays du Dialogue 5+5"},"content":{"rendered":"<p>Nouakchott a abrit\u00e9 lundi une r\u00e9union d\u2019experts des pays du \u201cDialogue 5+5\u201d sur la recherche scientifique, l\u2019innovation et l\u2019enseignement sup\u00e9rieur ; un espace qui se veut, en d\u00e9pit des contraintes impos\u00e9es r\u00e9cemment par la pand\u00e9mie de la Covid-19, un \u00ab cadre commun de coop\u00e9ration \u00bb entre les diff\u00e9rents pays du dialogue euro-m\u00e9diterran\u00e9en. La co-pr\u00e9sidence \u00e9tait assur\u00e9e ces 3 derni\u00e8res ann\u00e9es par la Mauritanie et l\u2019Italie.<br \/>\nDans un mot de bienvenue aux responsables, le secr\u00e9taire g\u00e9n\u00e9ral du minist\u00e8re de l\u2019Enseignement sup\u00e9rieur et de la Recherche scientifique, M. Moulaye Brahim Ould Moulaye Idriss, a rappel\u00e9 que \u00ab ce cadre offre un espace appropri\u00e9 et efficace de coop\u00e9ration entre les pays dans divers domaines, au premier rang desquels la recherche scientifique, l\u2019innovation et l\u2019enseignement sup\u00e9rieur, qui est aujourd\u2019hui un pilier fondamental du d\u00e9veloppement durable et un moyen efficace de rapprochement entre les peuples \u00bb.<br \/>\nLes Etats tentent par ce regroupement de promouvoir la recherche, l&#8217;innovation et l&#8217;enseignement sup\u00e9rieur pour favoriser la stabilit\u00e9 sociale et la croissance \u00e9conomique, en stimulant l\u2019initiative priv\u00e9e et l&#8217;esprit d&#8217;entreprise, consid\u00e9r\u00e9s comme moteur d\u2019une la prosp\u00e9rit\u00e9 cr\u00e9atrice d\u2019emplois et de croissance des entreprises.<\/p>\n","protected":false},"excerpt":{"rendered":"<p>Nouakchott a abrit\u00e9 lundi une r\u00e9union d\u2019experts des pays du \u201cDialogue 5+5\u201d sur la recherche scientifique, l\u2019innovation et l\u2019enseignement sup\u00e9rieur ; un espace qui se veut, en d\u00e9pit des contraintes impos\u00e9es r\u00e9cemment par la pand\u00e9mie de la Covid-19, un \u00ab cadre commun de coop\u00e9ration \u00bb entre les diff\u00e9rents pays du dialogue euro-m\u00e9diterran\u00e9en. La co-pr\u00e9sidence \u00e9tait &hellip;<\/p>\n","protected":false},"author":2,"featured_media":2355,"comment_status":"open","ping_status":"open","sticky":false,"template":"","format":"standard","meta":{"footnotes":""},"categories":[18,2,29],"tags":[],"class_list":["post-2354","post","type-post","status-publish","format-standard","has-post-thumbnail","hentry","category-actualites","category-economie","category-monde"],"_links":{"self":[{"href":"https:\/\/ladepeche.mr\/index.php?rest_route=\/wp\/v2\/posts\/2354","targetHints":{"allow":["GET"]}}],"collection":[{"href":"https:\/\/ladepeche.mr\/index.php?rest_route=\/wp\/v2\/posts"}],"about":[{"href":"https:\/\/ladepeche.mr\/index.php?rest_route=\/wp\/v2\/types\/post"}],"author":[{"embeddable":true,"href":"https:\/\/ladepeche.mr\/index.php?rest_route=\/wp\/v2\/users\/2"}],"replies":[{"embeddable":true,"href":"https:\/\/ladepeche.mr\/index.php?rest_route=%2Fwp%2Fv2%2Fcomments&post=2354"}],"version-history":[{"count":3,"href":"https:\/\/ladepeche.mr\/index.php?rest_route=\/wp\/v2\/posts\/2354\/revisions"}],"predecessor-version":[{"id":2358,"href":"https:\/\/ladepeche.mr\/index.php?rest_route=\/wp\/v2\/posts\/2354\/revisions\/2358"}],"wp:featuredmedia":[{"embeddable":true,"href":"https:\/\/ladepeche.mr\/index.php?rest_route=\/wp\/v2\/media\/2355"}],"wp:attachment":[{"href":"https:\/\/ladepeche.mr\/index.php?rest_route=%2Fwp%2Fv2%2Fmedia&parent=2354"}],"wp:term":[{"taxonomy":"category","embeddable":true,"href":"https:\/\/ladepeche.mr\/index.php?rest_route=%2Fwp%2Fv2%2Fcategories&post=2354"},{"taxonomy":"post_tag","embeddable":true,"href":"https:\/\/ladepeche.mr\/index.php?rest_route=%2Fwp%2Fv2%2Ftags&post=2354"}],"curies":[{"name":"wp","href":"https:\/\/api.w.org\/{rel}","templated":true}]}}