{"id":2359,"date":"2022-10-10T23:37:56","date_gmt":"2022-10-10T23:37:56","guid":{"rendered":"https:\/\/ladepeche.mr\/?p=2359"},"modified":"2022-10-10T23:37:56","modified_gmt":"2022-10-10T23:37:56","slug":"frappes-russes-en-ukraine-lonu-denonce-une-escalade-inacceptable-de-la-guerre","status":"publish","type":"post","link":"https:\/\/ladepeche.mr\/?p=2359","title":{"rendered":"Frappes russes en Ukraine: l&#8217;ONU d\u00e9nonce \u00abune escalade inacceptable de la guerre\u00bb"},"content":{"rendered":"<p>De nombreuses villes ont \u00e9t\u00e9 bombard\u00e9es en Ukraine ce lundi matin 10 octobre, la capitale Kiev \u00e9tant vis\u00e9e par les premi\u00e8res frappes depuis plus de trois mois. Au moins 10 personnes ont \u00e9t\u00e9 tu\u00e9es et 60 autres bless\u00e9s.<\/p>\n<p>Face l&#8217;offensive russe, le pr\u00e9sident ukrainien Volodymyr Zelensky r\u00e9clame la tenue d&#8217;une r\u00e9union d&#8217;urgence du G7 ce mardi 11 octobre. Alors que le pr\u00e9sident russe Vladimir Poutine promet des r\u00e9pliques \u00ab s\u00e9v\u00e8res \u00bb en cas de nouvelles attaques ukrainiennes contre la Russie.<\/p>\n<p>Le chef de la diplomatie am\u00e9ricaine Antony Blinken a indiqu\u00e9 s&#8217;\u00eatre entretenu avec son homologue ukrainien Dmytro Kouleba pour l&#8217;assurer du \u00ab soutien des \u00c9tats-Unis \u00e0 l&#8217;Ukraine apr\u00e8s les horribles frappes du Kremlin ce matin \u00bb.<\/p>\n<p>\u00ab Nous continuerons \u00e0 fournir de l&#8217;assistance \u00e9conomique, humanitaire et militaire afin que l&#8217;Ukraine puisse se d\u00e9fendre&#8221;, a-t-il encore \u00e9crit sur Twitter.<\/p>\n<p>L&#8217;Allemagne a assur\u00e9 que la livraison d&#8217;un premier syst\u00e8me de d\u00e9fense antia\u00e9rienne promis de longue date \u00e0 l&#8217;Ukraine et capable de prot\u00e9ger une ville enti\u00e8re \u00e9tait imminente, alors que la Russie m\u00e8ne une campagne de bombardements sur le pays.<\/p>\n<p>Qualifiant les frappes russes des derni\u00e8res heures de \u00ab m\u00e9prisables \u00bb, la ministre allemande des Affaires \u00e9trang\u00e8res Annalena Baerbock a affirm\u00e9 sur Twitter : \u00ab nous faisons tout pour renforcer les d\u00e9fenses a\u00e9riennes de l&#8217;Ukraine \u00bb.<\/p>\n<p>\u00ab Les derniers tirs de roquettes sur Kiev et de nombreuses autres villes soulignent clairement l&#8217;importance de la livraison rapide de syst\u00e8mes de d\u00e9fense antia\u00e9rienne \u00e0 l&#8217;Ukraine \u00bb, a-t-elle ajout\u00e9.<\/p>\n<p>En juin, le chancelier Olaf Scholz avait promis \u00e0 Kiev la livraison de syst\u00e8mes Iris-T capables, selon lui, de prot\u00e9ger une grande ville contre les raids a\u00e9riens. Le syst\u00e8me Iris-T a une port\u00e9e de bouclier de 20 kilom\u00e8tres de hauteur et de 40 kilom\u00e8tres de largeur.<\/p>\n<p>Antonio Guterres, le secr\u00e9taire g\u00e9n\u00e9ral de l&#8217;ONU s&#8217;est dit \u00ab profond\u00e9ment choqu\u00e9 \u00bb par ces attaques, a indiqu\u00e9 son porte-parole dans un communiqu\u00e9. Elles constituent \u00ab une nouvelle escalade inacceptable de la guerre \u00bb dont les civils \u00ab paient le prix le plus \u00e9lev\u00e9 \u00bb.<br \/>\nRfi<\/p>\n","protected":false},"excerpt":{"rendered":"<p>De nombreuses villes ont \u00e9t\u00e9 bombard\u00e9es en Ukraine ce lundi matin 10 octobre, la capitale Kiev \u00e9tant vis\u00e9e par les premi\u00e8res frappes depuis plus de trois mois. Au moins 10 personnes ont \u00e9t\u00e9 tu\u00e9es et 60 autres bless\u00e9s. Face l&#8217;offensive russe, le pr\u00e9sident ukrainien Volodymyr Zelensky r\u00e9clame la tenue d&#8217;une r\u00e9union d&#8217;urgence du G7 ce &hellip;<\/p>\n","protected":false},"author":2,"featured_media":2360,"comment_status":"open","ping_status":"open","sticky":false,"template":"","format":"standard","meta":{"footnotes":""},"categories":[18,29],"tags":[],"class_list":["post-2359","post","type-post","status-publish","format-standard","has-post-thumbnail","hentry","category-actualites","category-monde"],"_links":{"self":[{"href":"https:\/\/ladepeche.mr\/index.php?rest_route=\/wp\/v2\/posts\/2359","targetHints":{"allow":["GET"]}}],"collection":[{"href":"https:\/\/ladepeche.mr\/index.php?rest_route=\/wp\/v2\/posts"}],"about":[{"href":"https:\/\/ladepeche.mr\/index.php?rest_route=\/wp\/v2\/types\/post"}],"author":[{"embeddable":true,"href":"https:\/\/ladepeche.mr\/index.php?rest_route=\/wp\/v2\/users\/2"}],"replies":[{"embeddable":true,"href":"https:\/\/ladepeche.mr\/index.php?rest_route=%2Fwp%2Fv2%2Fcomments&post=2359"}],"version-history":[{"count":1,"href":"https:\/\/ladepeche.mr\/index.php?rest_route=\/wp\/v2\/posts\/2359\/revisions"}],"predecessor-version":[{"id":2361,"href":"https:\/\/ladepeche.mr\/index.php?rest_route=\/wp\/v2\/posts\/2359\/revisions\/2361"}],"wp:featuredmedia":[{"embeddable":true,"href":"https:\/\/ladepeche.mr\/index.php?rest_route=\/wp\/v2\/media\/2360"}],"wp:attachment":[{"href":"https:\/\/ladepeche.mr\/index.php?rest_route=%2Fwp%2Fv2%2Fmedia&parent=2359"}],"wp:term":[{"taxonomy":"category","embeddable":true,"href":"https:\/\/ladepeche.mr\/index.php?rest_route=%2Fwp%2Fv2%2Fcategories&post=2359"},{"taxonomy":"post_tag","embeddable":true,"href":"https:\/\/ladepeche.mr\/index.php?rest_route=%2Fwp%2Fv2%2Ftags&post=2359"}],"curies":[{"name":"wp","href":"https:\/\/api.w.org\/{rel}","templated":true}]}}