{"id":2370,"date":"2022-10-11T16:11:04","date_gmt":"2022-10-11T16:11:04","guid":{"rendered":"https:\/\/ladepeche.mr\/?p=2370"},"modified":"2022-10-11T16:11:04","modified_gmt":"2022-10-11T16:11:04","slug":"cndh-avis-favorable-des-usa","status":"publish","type":"post","link":"https:\/\/ladepeche.mr\/?p=2370","title":{"rendered":"CNDH: avis favorable des Usa"},"content":{"rendered":"<p>La Commission nationale des droits de l&#8217;Homme et son pr\u00e9sident Me Ahmed Salem Bouhoubeyni semblent bien appr\u00e9ci\u00e9s suivant le prisme am\u00e9ricain et notamment celui de la repr\u00e9sentante des \u00c9tats-Unis d\u2019Am\u00e9rique lors de la 51\u00e8me session du Conseil des droits de l\u2019homme \u00e0 Gen\u00e8ve, en date du 30 septembre dernier. En effet, la r\u00e9pr\u00e9sentante des Etats-Unis d&#8217;Am\u00e9rique n&#8217;a pas tari d&#8217;\u00e9loges sur les efforts de la Mauritanie dans la promotion et la protection des droits de l\u2019homme et de la d\u00e9mocratie. Une nouvelle perception que partagerait aussi Rapporteur sp\u00e9cial des Nations Unies sur les formes contemporaines d\u2019esclavage.<br \/>\nPour le pr\u00e9sident de la CNDH, il ne faut pas dormir sur ses laurriers et continuer &#8220;\u00e0 accorder une plus grande attention \u00e0 la promotion, la protection, le respect et la non-violation des droits de l\u2019homme&#8221;<\/p>\n","protected":false},"excerpt":{"rendered":"<p>La Commission nationale des droits de l&#8217;Homme et son pr\u00e9sident Me Ahmed Salem Bouhoubeyni semblent bien appr\u00e9ci\u00e9s suivant le prisme am\u00e9ricain et notamment celui de la repr\u00e9sentante des \u00c9tats-Unis d\u2019Am\u00e9rique lors de la 51\u00e8me session du Conseil des droits de l\u2019homme \u00e0 Gen\u00e8ve, en date du 30 septembre dernier. En effet, la r\u00e9pr\u00e9sentante des Etats-Unis &hellip;<\/p>\n","protected":false},"author":2,"featured_media":2371,"comment_status":"open","ping_status":"open","sticky":false,"template":"","format":"standard","meta":{"footnotes":""},"categories":[25],"tags":[],"class_list":["post-2370","post","type-post","status-publish","format-standard","has-post-thumbnail","hentry","category-en-forme"],"_links":{"self":[{"href":"https:\/\/ladepeche.mr\/index.php?rest_route=\/wp\/v2\/posts\/2370","targetHints":{"allow":["GET"]}}],"collection":[{"href":"https:\/\/ladepeche.mr\/index.php?rest_route=\/wp\/v2\/posts"}],"about":[{"href":"https:\/\/ladepeche.mr\/index.php?rest_route=\/wp\/v2\/types\/post"}],"author":[{"embeddable":true,"href":"https:\/\/ladepeche.mr\/index.php?rest_route=\/wp\/v2\/users\/2"}],"replies":[{"embeddable":true,"href":"https:\/\/ladepeche.mr\/index.php?rest_route=%2Fwp%2Fv2%2Fcomments&post=2370"}],"version-history":[{"count":1,"href":"https:\/\/ladepeche.mr\/index.php?rest_route=\/wp\/v2\/posts\/2370\/revisions"}],"predecessor-version":[{"id":2372,"href":"https:\/\/ladepeche.mr\/index.php?rest_route=\/wp\/v2\/posts\/2370\/revisions\/2372"}],"wp:featuredmedia":[{"embeddable":true,"href":"https:\/\/ladepeche.mr\/index.php?rest_route=\/wp\/v2\/media\/2371"}],"wp:attachment":[{"href":"https:\/\/ladepeche.mr\/index.php?rest_route=%2Fwp%2Fv2%2Fmedia&parent=2370"}],"wp:term":[{"taxonomy":"category","embeddable":true,"href":"https:\/\/ladepeche.mr\/index.php?rest_route=%2Fwp%2Fv2%2Fcategories&post=2370"},{"taxonomy":"post_tag","embeddable":true,"href":"https:\/\/ladepeche.mr\/index.php?rest_route=%2Fwp%2Fv2%2Ftags&post=2370"}],"curies":[{"name":"wp","href":"https:\/\/api.w.org\/{rel}","templated":true}]}}