{"id":2373,"date":"2022-10-11T16:12:51","date_gmt":"2022-10-11T16:12:51","guid":{"rendered":"https:\/\/ladepeche.mr\/?p=2373"},"modified":"2022-10-11T16:12:51","modified_gmt":"2022-10-11T16:12:51","slug":"sciences-un-compatriote-prime-en-france","status":"publish","type":"post","link":"https:\/\/ladepeche.mr\/?p=2373","title":{"rendered":"Sciences: Un compatriote prim\u00e9 en France"},"content":{"rendered":"<p>Notre compatriote, le professeur Mohamed Beddi, s\u2019est vu d\u00e9cerner la m\u00e9daille d\u2019honneur de l\u2019association fran\u00e7aise de radiologie, \u00e0 l\u2019ouverture de son congr\u00e8s annuel. Une distinction accord\u00e9e aux grands sp\u00e9cialistes de radiologie en France et dans le monde. C\u2019est le troisi\u00e8me congr\u00e8s mondial de l\u2019imagerie m\u00e9dicale, en terme d\u2019importance, apr\u00e8s celui de Chicago (Usa) et de Vienne (Autriche).<br \/>\nLe professeur Mohamed Beddi est \u00e9galement choisi en sa qualit\u00e9 de membre d\u2019honneur au sein de l\u2019association depuis pr\u00e8s de trois d\u00e9cennies et pour ses efforts dans la consolidation des relations entre l\u2019association et la Mauritanie, mais aussi pour son cursus scientifique et professionnel, note l\u2019association fran\u00e7aise de radiologie.<\/p>\n","protected":false},"excerpt":{"rendered":"<p>Notre compatriote, le professeur Mohamed Beddi, s\u2019est vu d\u00e9cerner la m\u00e9daille d\u2019honneur de l\u2019association fran\u00e7aise de radiologie, \u00e0 l\u2019ouverture de son congr\u00e8s annuel. Une distinction accord\u00e9e aux grands sp\u00e9cialistes de radiologie en France et dans le monde. C\u2019est le troisi\u00e8me congr\u00e8s mondial de l\u2019imagerie m\u00e9dicale, en terme d\u2019importance, apr\u00e8s celui de Chicago (Usa) et de &hellip;<\/p>\n","protected":false},"author":2,"featured_media":2374,"comment_status":"open","ping_status":"open","sticky":false,"template":"","format":"standard","meta":{"footnotes":""},"categories":[25],"tags":[],"class_list":["post-2373","post","type-post","status-publish","format-standard","has-post-thumbnail","hentry","category-en-forme"],"_links":{"self":[{"href":"https:\/\/ladepeche.mr\/index.php?rest_route=\/wp\/v2\/posts\/2373","targetHints":{"allow":["GET"]}}],"collection":[{"href":"https:\/\/ladepeche.mr\/index.php?rest_route=\/wp\/v2\/posts"}],"about":[{"href":"https:\/\/ladepeche.mr\/index.php?rest_route=\/wp\/v2\/types\/post"}],"author":[{"embeddable":true,"href":"https:\/\/ladepeche.mr\/index.php?rest_route=\/wp\/v2\/users\/2"}],"replies":[{"embeddable":true,"href":"https:\/\/ladepeche.mr\/index.php?rest_route=%2Fwp%2Fv2%2Fcomments&post=2373"}],"version-history":[{"count":1,"href":"https:\/\/ladepeche.mr\/index.php?rest_route=\/wp\/v2\/posts\/2373\/revisions"}],"predecessor-version":[{"id":2375,"href":"https:\/\/ladepeche.mr\/index.php?rest_route=\/wp\/v2\/posts\/2373\/revisions\/2375"}],"wp:featuredmedia":[{"embeddable":true,"href":"https:\/\/ladepeche.mr\/index.php?rest_route=\/wp\/v2\/media\/2374"}],"wp:attachment":[{"href":"https:\/\/ladepeche.mr\/index.php?rest_route=%2Fwp%2Fv2%2Fmedia&parent=2373"}],"wp:term":[{"taxonomy":"category","embeddable":true,"href":"https:\/\/ladepeche.mr\/index.php?rest_route=%2Fwp%2Fv2%2Fcategories&post=2373"},{"taxonomy":"post_tag","embeddable":true,"href":"https:\/\/ladepeche.mr\/index.php?rest_route=%2Fwp%2Fv2%2Ftags&post=2373"}],"curies":[{"name":"wp","href":"https:\/\/api.w.org\/{rel}","templated":true}]}}