{"id":2376,"date":"2022-10-11T16:18:06","date_gmt":"2022-10-11T16:18:06","guid":{"rendered":"https:\/\/ladepeche.mr\/?p=2376"},"modified":"2022-10-11T16:18:06","modified_gmt":"2022-10-11T16:18:06","slug":"bamis-digital-rattraper-le-temps-perdu","status":"publish","type":"post","link":"https:\/\/ladepeche.mr\/?p=2376","title":{"rendered":"\u00abBAMIS DIGITAL\u00bb: rattraper le temps perdu"},"content":{"rendered":"<p>En lan\u00e7ant son nouveau produit \u00abBAMIS DIGITAL\u00bb, la Banque Al Wava Mauritanienne Islamique \u00abBAMIS\u00bb glane le retard accus\u00e9 depuis que ses concurrentes se sont lanc\u00e9s sur ce march\u00e9 de produits \u00e0 forte client\u00e8le. La &#8220;BAMIS&#8221; qui d\u00e9veloppe une nouvelle application gr\u00e2ce aux meilleurs outils technologiques pour permettre \u00e0 ses clients de profiter d&#8217;avantages li\u00e9s \u00e0 la digitalisation des services bancaires (compte digital \u00e0 distance, Transf\u00e9rer des fonds, Payer les factures d\u2019\u00e9lectricit\u00e9&#8230;). Il n&#8217;est jamais trop tard pour bien faire.<\/p>\n","protected":false},"excerpt":{"rendered":"<p>En lan\u00e7ant son nouveau produit \u00abBAMIS DIGITAL\u00bb, la Banque Al Wava Mauritanienne Islamique \u00abBAMIS\u00bb glane le retard accus\u00e9 depuis que ses concurrentes se sont lanc\u00e9s sur ce march\u00e9 de produits \u00e0 forte client\u00e8le. La &#8220;BAMIS&#8221; qui d\u00e9veloppe une nouvelle application gr\u00e2ce aux meilleurs outils technologiques pour permettre \u00e0 ses clients de profiter d&#8217;avantages li\u00e9s \u00e0 &hellip;<\/p>\n","protected":false},"author":2,"featured_media":2377,"comment_status":"open","ping_status":"open","sticky":false,"template":"","format":"standard","meta":{"footnotes":""},"categories":[25],"tags":[],"class_list":["post-2376","post","type-post","status-publish","format-standard","has-post-thumbnail","hentry","category-en-forme"],"_links":{"self":[{"href":"https:\/\/ladepeche.mr\/index.php?rest_route=\/wp\/v2\/posts\/2376","targetHints":{"allow":["GET"]}}],"collection":[{"href":"https:\/\/ladepeche.mr\/index.php?rest_route=\/wp\/v2\/posts"}],"about":[{"href":"https:\/\/ladepeche.mr\/index.php?rest_route=\/wp\/v2\/types\/post"}],"author":[{"embeddable":true,"href":"https:\/\/ladepeche.mr\/index.php?rest_route=\/wp\/v2\/users\/2"}],"replies":[{"embeddable":true,"href":"https:\/\/ladepeche.mr\/index.php?rest_route=%2Fwp%2Fv2%2Fcomments&post=2376"}],"version-history":[{"count":1,"href":"https:\/\/ladepeche.mr\/index.php?rest_route=\/wp\/v2\/posts\/2376\/revisions"}],"predecessor-version":[{"id":2378,"href":"https:\/\/ladepeche.mr\/index.php?rest_route=\/wp\/v2\/posts\/2376\/revisions\/2378"}],"wp:featuredmedia":[{"embeddable":true,"href":"https:\/\/ladepeche.mr\/index.php?rest_route=\/wp\/v2\/media\/2377"}],"wp:attachment":[{"href":"https:\/\/ladepeche.mr\/index.php?rest_route=%2Fwp%2Fv2%2Fmedia&parent=2376"}],"wp:term":[{"taxonomy":"category","embeddable":true,"href":"https:\/\/ladepeche.mr\/index.php?rest_route=%2Fwp%2Fv2%2Fcategories&post=2376"},{"taxonomy":"post_tag","embeddable":true,"href":"https:\/\/ladepeche.mr\/index.php?rest_route=%2Fwp%2Fv2%2Ftags&post=2376"}],"curies":[{"name":"wp","href":"https:\/\/api.w.org\/{rel}","templated":true}]}}