{"id":2379,"date":"2022-10-11T16:19:25","date_gmt":"2022-10-11T16:19:25","guid":{"rendered":"https:\/\/ladepeche.mr\/?p=2379"},"modified":"2022-10-11T16:19:25","modified_gmt":"2022-10-11T16:19:25","slug":"peche-le-cri-du-coeur-des-producteurs","status":"publish","type":"post","link":"https:\/\/ladepeche.mr\/?p=2379","title":{"rendered":"P\u00eache: Le cri du coeur des producteurs"},"content":{"rendered":"<p>\u00ab Confront\u00e9es \u00e0 une carence de produits, des taxes \u00e0 la pelle, des contraintes li\u00e9s \u00e0 l\u2019exportation, le poids \u00e9crasant des engagements aupr\u00e8s des banques, les usines industrielles de poissons \u00e0 Nouakchott sont dans le tourbillon d\u2019une course fatale vers le mur de la faillite. \u00bb. Cette declaration de B\u00e9chir Hassena, pr\u00e9sident du Comit\u00e9 des Usiniers et Exportateurs de Poissons de la Zone Sud (Nouakchott), en dit long des difficult\u00e9s du sous-secteurs.<br \/>\nDans une interview avec nos confr\u00e8res du \u201cCalame\u201d, B\u00e9chir Hassena, l\u2019ensemble des acteurs de cette fili\u00e8re se sont r\u00e9unis pour constater les d\u00e9g\u00e2ts et pour alerter les autorit\u00e9s nationales sur l\u2019\u00e9tat de fait v\u00e9cue par la corporation avant qu\u2019elle ne coule.   <\/p>\n","protected":false},"excerpt":{"rendered":"<p>\u00ab Confront\u00e9es \u00e0 une carence de produits, des taxes \u00e0 la pelle, des contraintes li\u00e9s \u00e0 l\u2019exportation, le poids \u00e9crasant des engagements aupr\u00e8s des banques, les usines industrielles de poissons \u00e0 Nouakchott sont dans le tourbillon d\u2019une course fatale vers le mur de la faillite. \u00bb. Cette declaration de B\u00e9chir Hassena, pr\u00e9sident du Comit\u00e9 des &hellip;<\/p>\n","protected":false},"author":2,"featured_media":2380,"comment_status":"open","ping_status":"open","sticky":false,"template":"","format":"standard","meta":{"footnotes":""},"categories":[26],"tags":[],"class_list":["post-2379","post","type-post","status-publish","format-standard","has-post-thumbnail","hentry","category-en-panne"],"_links":{"self":[{"href":"https:\/\/ladepeche.mr\/index.php?rest_route=\/wp\/v2\/posts\/2379","targetHints":{"allow":["GET"]}}],"collection":[{"href":"https:\/\/ladepeche.mr\/index.php?rest_route=\/wp\/v2\/posts"}],"about":[{"href":"https:\/\/ladepeche.mr\/index.php?rest_route=\/wp\/v2\/types\/post"}],"author":[{"embeddable":true,"href":"https:\/\/ladepeche.mr\/index.php?rest_route=\/wp\/v2\/users\/2"}],"replies":[{"embeddable":true,"href":"https:\/\/ladepeche.mr\/index.php?rest_route=%2Fwp%2Fv2%2Fcomments&post=2379"}],"version-history":[{"count":1,"href":"https:\/\/ladepeche.mr\/index.php?rest_route=\/wp\/v2\/posts\/2379\/revisions"}],"predecessor-version":[{"id":2381,"href":"https:\/\/ladepeche.mr\/index.php?rest_route=\/wp\/v2\/posts\/2379\/revisions\/2381"}],"wp:featuredmedia":[{"embeddable":true,"href":"https:\/\/ladepeche.mr\/index.php?rest_route=\/wp\/v2\/media\/2380"}],"wp:attachment":[{"href":"https:\/\/ladepeche.mr\/index.php?rest_route=%2Fwp%2Fv2%2Fmedia&parent=2379"}],"wp:term":[{"taxonomy":"category","embeddable":true,"href":"https:\/\/ladepeche.mr\/index.php?rest_route=%2Fwp%2Fv2%2Fcategories&post=2379"},{"taxonomy":"post_tag","embeddable":true,"href":"https:\/\/ladepeche.mr\/index.php?rest_route=%2Fwp%2Fv2%2Ftags&post=2379"}],"curies":[{"name":"wp","href":"https:\/\/api.w.org\/{rel}","templated":true}]}}