{"id":2382,"date":"2022-10-11T16:22:56","date_gmt":"2022-10-11T16:22:56","guid":{"rendered":"https:\/\/ladepeche.mr\/?p=2382"},"modified":"2022-10-11T16:22:56","modified_gmt":"2022-10-11T16:22:56","slug":"bcm-les-fonds-propres-des-banques-seraient-ils-insuffisants","status":"publish","type":"post","link":"https:\/\/ladepeche.mr\/?p=2382","title":{"rendered":"BCM : Les fonds propres des banques seraient-ils insuffisants ?"},"content":{"rendered":"<p>Plusieurs banques pour ne pas dire la totalit\u00e9 qui sous-tendent le tissu \u00e9conomique national ne disposeraient pas de suffisamment de fonds propres pour assurer des cr\u00e9dits acceptables ou financer l\u2019\u00e9conomie du pays.<br \/>\n De source bien inform\u00e9e, on r\u00e9v\u00e8le que les banques op\u00e9rant dans le pays (nationales ou \u00e9trang\u00e8res) devraient sur injonction des autorit\u00e9s penser \u00e0 augmenter cons\u00e9quemment leur capital social.<br \/>\nDes mesures soutenues par les bailleurs de fonds et co\u00efncidant avec le d\u00e9but d\u2019exploitation de ressources gazi\u00e8res dans le pays fin 2023. <\/p>\n","protected":false},"excerpt":{"rendered":"<p>Plusieurs banques pour ne pas dire la totalit\u00e9 qui sous-tendent le tissu \u00e9conomique national ne disposeraient pas de suffisamment de fonds propres pour assurer des cr\u00e9dits acceptables ou financer l\u2019\u00e9conomie du pays. De source bien inform\u00e9e, on r\u00e9v\u00e8le que les banques op\u00e9rant dans le pays (nationales ou \u00e9trang\u00e8res) devraient sur injonction des autorit\u00e9s penser \u00e0 &hellip;<\/p>\n","protected":false},"author":2,"featured_media":2383,"comment_status":"open","ping_status":"open","sticky":false,"template":"","format":"standard","meta":{"footnotes":""},"categories":[26],"tags":[],"class_list":["post-2382","post","type-post","status-publish","format-standard","has-post-thumbnail","hentry","category-en-panne"],"_links":{"self":[{"href":"https:\/\/ladepeche.mr\/index.php?rest_route=\/wp\/v2\/posts\/2382","targetHints":{"allow":["GET"]}}],"collection":[{"href":"https:\/\/ladepeche.mr\/index.php?rest_route=\/wp\/v2\/posts"}],"about":[{"href":"https:\/\/ladepeche.mr\/index.php?rest_route=\/wp\/v2\/types\/post"}],"author":[{"embeddable":true,"href":"https:\/\/ladepeche.mr\/index.php?rest_route=\/wp\/v2\/users\/2"}],"replies":[{"embeddable":true,"href":"https:\/\/ladepeche.mr\/index.php?rest_route=%2Fwp%2Fv2%2Fcomments&post=2382"}],"version-history":[{"count":1,"href":"https:\/\/ladepeche.mr\/index.php?rest_route=\/wp\/v2\/posts\/2382\/revisions"}],"predecessor-version":[{"id":2384,"href":"https:\/\/ladepeche.mr\/index.php?rest_route=\/wp\/v2\/posts\/2382\/revisions\/2384"}],"wp:featuredmedia":[{"embeddable":true,"href":"https:\/\/ladepeche.mr\/index.php?rest_route=\/wp\/v2\/media\/2383"}],"wp:attachment":[{"href":"https:\/\/ladepeche.mr\/index.php?rest_route=%2Fwp%2Fv2%2Fmedia&parent=2382"}],"wp:term":[{"taxonomy":"category","embeddable":true,"href":"https:\/\/ladepeche.mr\/index.php?rest_route=%2Fwp%2Fv2%2Fcategories&post=2382"},{"taxonomy":"post_tag","embeddable":true,"href":"https:\/\/ladepeche.mr\/index.php?rest_route=%2Fwp%2Fv2%2Ftags&post=2382"}],"curies":[{"name":"wp","href":"https:\/\/api.w.org\/{rel}","templated":true}]}}