{"id":23886,"date":"2026-09-02T12:57:13","date_gmt":"2026-09-02T12:57:13","guid":{"rendered":"https:\/\/ladepeche.mr\/?p=23886"},"modified":"2026-09-02T12:57:13","modified_gmt":"2026-09-02T12:57:13","slug":"senegal-le-fmi-ouvre-la-voie-a-22-milliards-de-dollars-dakar-accepte-de-restructurer-sa-dette","status":"publish","type":"post","link":"https:\/\/ladepeche.mr\/?p=23886","title":{"rendered":"S\u00e9n\u00e9gal : le FMI ouvre la voie \u00e0 2,2 milliards de dollars, Dakar accepte de restructurer sa dette"},"content":{"rendered":"<p data-t=\"{&quot;n&quot;:&quot;blueLinks&quot;,&quot;t&quot;:13,&quot;a&quot;:&quot;click&quot;,&quot;b&quot;:76}\"><strong>Apr\u00e8s deux ans de bras de fer, Dakar et le FMI ont conclu un accord de 2,2 milliards de dollars. Le prix \u00e0 payer : une restructuration de la dette que le gouvernement de Bassirou Diomaye Faye avait longtemps refus\u00e9e.<\/strong><\/p>\n<div class=\"article-image-slot image-slot-placeholder\" data-doc-id=\"cms\/api\/amp\/image\/AA2bmVD3\">\n<div class=\"article-image-slot\">\n<div class=\"article-image-container polished\" data-t=\"{&quot;n&quot;:&quot;OpenModal&quot;,&quot;t&quot;:13,&quot;b&quot;:8,&quot;c.i&quot;:&quot;AA2bmusQ&quot;,&quot;c.l&quot;:false,&quot;c.t&quot;:13,&quot;c.v&quot;:&quot;finance&quot;,&quot;c.c&quot;:&quot;economy&quot;,&quot;c.b&quot;:&quot;Jeune Afrique&quot;,&quot;c.bi&quot;:&quot;BB141bRa&quot;,&quot;c.tv&quot;:&quot;finance&quot;,&quot;c.tc&quot;:&quot;economy&quot;,&quot;c.hl&quot;:&quot;S\u00e9n\u00e9gal : le FMI ouvre la voie \u00e0 2,2 milliards de dollars, Dakar accepte de restructurer sa dette&quot;}\" data-test-id=\"AA2bmVD3\">\n<p data-t=\"{&quot;n&quot;:&quot;blueLinks&quot;,&quot;t&quot;:13,&quot;a&quot;:&quot;click&quot;,&quot;b&quot;:76}\">Apr\u00e8s plus de deux ans de n\u00e9gociations, parfois houleuses, le\u00a0<a href=\"https:\/\/www.jeuneafrique.com\/pays\/senegal\/?utm_source=microsoft&amp;utm_medium=feeds&amp;utm_campaign=feeds-microsoft-v1\" target=\"_blank\" rel=\"noopener\" data-t=\"{&quot;n&quot;:&quot;destination&quot;,&quot;t&quot;:13,&quot;a&quot;:&quot;click&quot;,&quot;b&quot;:1,&quot;c.t&quot;:7}\">S\u00e9n\u00e9gal<\/a>\u00a0et le\u00a0<a href=\"https:\/\/www.jeuneafrique.com\/institutions\/fmi\/?utm_source=microsoft&amp;utm_medium=feeds&amp;utm_campaign=feeds-microsoft-v1\" target=\"_blank\" rel=\"noopener\" data-t=\"{&quot;n&quot;:&quot;destination&quot;,&quot;t&quot;:13,&quot;a&quot;:&quot;click&quot;,&quot;b&quot;:1,&quot;c.t&quot;:7}\">Fonds mon\u00e9taire international (FMI)<\/a>\u00a0sont enfin parvenus \u00e0 un accord, le 1er septembre. Au terme de la huiti\u00e8me mission du Fonds depuis l\u2019\u00e9lection de\u00a0<a href=\"https:\/\/www.jeuneafrique.com\/personnalites\/bassirou-diomaye-faye\/?utm_source=microsoft&amp;utm_medium=feeds&amp;utm_campaign=feeds-microsoft-v1\" target=\"_blank\" rel=\"noopener\" data-t=\"{&quot;n&quot;:&quot;destination&quot;,&quot;t&quot;:13,&quot;a&quot;:&quot;click&quot;,&quot;b&quot;:1,&quot;c.t&quot;:7}\">Bassirou Diomaye Faye<\/a>, les services du FMI et les autorit\u00e9s s\u00e9n\u00e9galaises ont conclu un\u00a0<em>staff-level agreement<\/em>\u00a0ouvrant la voie \u00e0 un nouveau programme de financement de 2,2\u00a0milliards de dollars sur trente-six mois, annonce un communiqu\u00e9 de l\u2019institution.<\/p>\n<div class=\"intra-article-module\" data-t=\"{&quot;n&quot;:&quot;intraArticle&quot;,&quot;t&quot;:13}\">\n<div class=\"articlePageIntraArticleFullWidth ad-slot-placeholder left-image-intra-ad full-bleed-image-intra-ad intra-ad-rm-bg intra-ad-rm-h collapsed\" data-ad-index=\"0\">\n<div class=\"left-image-intra-ad full-bleed-image-intra-ad\">\n<div class=\"responsive-views-ad-container\"><\/div>\n<\/div>\n<\/div>\n<\/div>\n<p data-t=\"{&quot;n&quot;:&quot;blueLinks&quot;,&quot;t&quot;:13,&quot;a&quot;:&quot;click&quot;,&quot;b&quot;:76}\">Mais l\u2019accord a un prix\u00a0: selon un communiqu\u00e9 publi\u00e9 le m\u00eame jour par le minist\u00e8re des Finances, l\u2019\u00c9tat s\u00e9n\u00e9galais va restructurer sa dette dans le cadre commun renforc\u00e9 du G20. Une concession majeure pour un gouvernement qui avait, jusqu\u2019ici, toujours refus\u00e9 d\u2019envisager officiellement ce sc\u00e9nario.<\/p>\n<p data-t=\"{&quot;n&quot;:&quot;blueLinks&quot;,&quot;t&quot;:13,&quot;a&quot;:&quot;click&quot;,&quot;b&quot;:76}\"><strong>Les faits.<\/strong>\u00a0Le FMI et le gouvernement s\u00e9n\u00e9galais se sont accord\u00e9s sur les principales politiques \u00e9conomiques qui pourraient soutenir un nouveau programme au titre de la Facilit\u00e9 \u00e9largie de cr\u00e9dit (FEC), d\u2019un montant d\u2019environ 2,2 milliards de dollars, sur trente-six mois. Le programme doit \u00ab\u00a0soutenir la r\u00e9forme des finances publiques, renforcer la transparence budg\u00e9taire et restaurer la soutenabilit\u00e9 de la dette, tout en prot\u00e9geant les m\u00e9nages vuln\u00e9rables\u00a0\u00bb.<\/p>\n<p class=\"continue-read-break\" data-t=\"{&quot;n&quot;:&quot;blueLinks&quot;,&quot;t&quot;:13,&quot;a&quot;:&quot;click&quot;,&quot;b&quot;:76}\">N\u00e9anmoins, avant son passage devant le conseil d\u2019administration, Dakar devra encore prendre des mesures correctrices dans le dossier de\u00a0<em>misreporting<\/em>, c\u2019est \u00e0 dire de fausse d\u00e9claration suite \u00e0 la r\u00e9v\u00e9lation de la dette cach\u00e9e, et obtenir les garanties de financement n\u00e9cessaires de ses partenaires.<\/p>\n<p data-t=\"{&quot;n&quot;:&quot;blueLinks&quot;,&quot;t&quot;:13,&quot;a&quot;:&quot;click&quot;,&quot;b&quot;:76}\">Surtout, le gouvernement s\u00e9n\u00e9galais a confirm\u00e9 son intention de restructurer sa dette dans le cadre commun renforc\u00e9 du G20, afin de restaurer sa soutenabilit\u00e9. Le dispositif doit tenir compte de la composition particuli\u00e8re de la dette s\u00e9n\u00e9galaise.<\/p>\n<p data-t=\"{&quot;n&quot;:&quot;blueLinks&quot;,&quot;t&quot;:13,&quot;a&quot;:&quot;click&quot;,&quot;b&quot;:76}\"><strong>Le contexte.<\/strong>\u00a0Le pr\u00e9c\u00e9dent programme du FMI, d\u2019un montant de 1,8 milliard de dollars, avait \u00e9t\u00e9 suspendu en 2024 apr\u00e8s la d\u00e9couverte d\u2019environ 13 milliards de dollars de dette non d\u00e9clar\u00e9e sous l\u2019administration de Macky Sall. C\u2019est l\u2019<a href=\"https:\/\/www.jeuneafrique.com\/evenements\/dette-cachee-du-senegal\/?utm_source=microsoft&amp;utm_medium=feeds&amp;utm_campaign=feeds-microsoft-v1\" target=\"_blank\" rel=\"noopener\" data-t=\"{&quot;n&quot;:&quot;destination&quot;,&quot;t&quot;:13,&quot;a&quot;:&quot;click&quot;,&quot;b&quot;:1,&quot;c.t&quot;:7}\">affaire de la dette cach\u00e9e<\/a>. Depuis, le S\u00e9n\u00e9gal a d\u00fb se financer largement sur le march\u00e9 r\u00e9gional en l\u2019absence du FMI et des autres bailleurs.<\/p>\n<p class=\"\" data-t=\"{&quot;n&quot;:&quot;blueLinks&quot;,&quot;t&quot;:13,&quot;a&quot;:&quot;click&quot;,&quot;b&quot;:76}\">Fin ao\u00fbt,\u00a0<a href=\"https:\/\/www.jeuneafrique.com\/entreprises\/moodys\/?utm_source=microsoft&amp;utm_medium=feeds&amp;utm_campaign=feeds-microsoft-v1\" target=\"_blank\" rel=\"noopener\" data-t=\"{&quot;n&quot;:&quot;destination&quot;,&quot;t&quot;:13,&quot;a&quot;:&quot;click&quot;,&quot;b&quot;:1,&quot;c.t&quot;:7}\">Moody\u2019s<\/a>\u00a0a encore abaiss\u00e9 sa note souveraine, de Caa1 \u00e0 Caa2, avec perspective n\u00e9gative, en raison notamment de la hausse des besoins de refinancement et des marges de man\u0153uvre limit\u00e9es pour r\u00e9duire la dette. Les discussions se sont acc\u00e9l\u00e9r\u00e9es ces derniers mois, entre autres apr\u00e8s la r\u00e9organisation de l\u2019\u00e9quipe gouvernementale. La restructuration, longtemps rejet\u00e9e par les autorit\u00e9s, \u00e9tait devenue de plus en plus difficile \u00e0 \u00e9viter.<\/p>\n<div class=\"intra-article-module\" data-t=\"{&quot;n&quot;:&quot;intraArticle&quot;,&quot;t&quot;:13}\">\n<div class=\"articlePageIntraArticleFullWidth ad-slot-placeholder left-image-intra-ad full-bleed-image-intra-ad intra-ad-rm-bg intra-ad-rm-h\" data-ad-index=\"2\">\n<div class=\"left-image-intra-ad full-bleed-image-intra-ad\"><\/div>\n<\/div>\n<\/div>\n<p data-t=\"{&quot;n&quot;:&quot;blueLinks&quot;,&quot;t&quot;:13,&quot;a&quot;:&quot;click&quot;,&quot;b&quot;:76}\"><strong>Ce que \u00e7a change.<\/strong>\u00a0L\u2019accord avec le FMI donne enfin \u00e0 Dakar une perspective de financement et un ancrage pour r\u00e9tablir la confiance des bailleurs et des investisseurs. Le programme doit permettre de mobiliser des financements de la Banque mondiale, de la Banque africaine de d\u00e9veloppement et d\u2019autres partenaires.<\/p>\n<p data-t=\"{&quot;n&quot;:&quot;blueLinks&quot;,&quot;t&quot;:13,&quot;a&quot;:&quot;click&quot;,&quot;b&quot;:76}\">Mais, surtout, la restructuration va permettre de desserrer la contrainte du service de la dette. Dans le cadre commun du G20, le S\u00e9n\u00e9gal devra n\u00e9gocier avec ses cr\u00e9anciers officiels un traitement de sa dette, tout en r\u00e9glant parall\u00e8lement la question des cr\u00e9anciers priv\u00e9s. Le gouvernement entend obtenir une solution adapt\u00e9e \u00e0 la structure de son endettement. Pour Dakar, c\u2019est donc la fin d\u2019une strat\u00e9gie consistant \u00e0 repousser l\u2019\u00e9ch\u00e9ance par de nouveaux emprunts : il faut d\u00e9sormais n\u00e9gocier avec les cr\u00e9anciers pour rendre la dette soutenable.<\/p>\n<div class=\"intra-article-module\" data-t=\"{&quot;n&quot;:&quot;intraArticle&quot;,&quot;t&quot;:13}\"><\/div>\n<p data-t=\"{&quot;n&quot;:&quot;blueLinks&quot;,&quot;t&quot;:13,&quot;a&quot;:&quot;click&quot;,&quot;b&quot;:76}\"><strong>L\u2019analyse.<\/strong>\u00a0C\u2019est un tournant majeur pour Bassirou Diomaye Faye. Depuis son arriv\u00e9e au pouvoir, son gouvernement avait fait de la restauration de la souverainet\u00e9 financi\u00e8re et du refus d\u2019une restructuration un marqueur politique. La r\u00e9alit\u00e9 des chiffres a finalement rattrap\u00e9 Dakar.<\/p>\n<p data-t=\"{&quot;n&quot;:&quot;blueLinks&quot;,&quot;t&quot;:13,&quot;a&quot;:&quot;click&quot;,&quot;b&quot;:76}\">Le sc\u00e9nario rappelle celui d\u2019autres pays africains pass\u00e9s par le Cadre commun tels que le Ghana, la Zambie ou le Tchad, mais le cas s\u00e9n\u00e9galais sera particulier : le pays n\u2019a pas fait d\u00e9faut et devra n\u00e9gocier avec une structure de cr\u00e9anciers beaucoup plus diverse. L\u2019enjeu sera d\u00e9sormais de savoir l\u2019ampleur de soulagement de dette que Dakar pourra obtenir, et \u00e0 quel co\u00fbt \u00e9conomique et politique. Les autorit\u00e9s ont annonc\u00e9 que les n\u00e9gociations ne porteront que sur la dette ext\u00e9rieure, celle libell\u00e9e en francs CFA est donc exclue des n\u00e9gociations \u00e0 venir.<\/p>\n<p data-t=\"{&quot;n&quot;:&quot;blueLinks&quot;,&quot;t&quot;:13,&quot;a&quot;:&quot;click&quot;,&quot;b&quot;:76}\">Enfin, l\u2019ex\u00e9cutif va devoir composer avec une assembl\u00e9e nationale acquise \u00e0 Ousmane Sonko. Pour ce dernier, la restructuration de la dette s\u00e9n\u00e9galaise a toujours constitu\u00e9 une ligne rouge. Reste \u00e0 savoir dans quelle mesure il pourra faire obstruction aux futures n\u00e9gociations.<\/p>\n<p data-t=\"{&quot;n&quot;:&quot;blueLinks&quot;,&quot;t&quot;:13,&quot;a&quot;:&quot;click&quot;,&quot;b&quot;:76}\"><a href=\"https:\/\/www.msn.com\/fr-xl\/finance\/%C3%A9conomie\/s%C3%A9n%C3%A9gal-le-fmi-ouvre-la-voie-%C3%A0-2-2-milliards-de-dollars-dakar-accepte-de-restructurer-sa-dette\/ar-AA2bmusQ?ocid=msedgntp&amp;pc=U531&amp;cvid=6a981ac044c342a4963b757d37764bf0&amp;ei=15&amp;cvpid=6a981b76387940469785104da97ec51d\">S\u00e9n\u00e9gal : le FMI ouvre la voie \u00e0 2,2 milliards de dollars, Dakar accepte de restructurer sa dette<\/a><\/p>\n<\/div>\n<\/div>\n<\/div>\n","protected":false},"excerpt":{"rendered":"<p>Apr\u00e8s deux ans de bras de fer, Dakar et le FMI ont conclu un accord de 2,2 milliards de dollars. Le prix \u00e0 payer : une restructuration de la dette que le gouvernement de Bassirou Diomaye Faye avait longtemps refus\u00e9e. Apr\u00e8s plus de deux ans de n\u00e9gociations, parfois houleuses, le\u00a0S\u00e9n\u00e9gal\u00a0et le\u00a0Fonds mon\u00e9taire international (FMI)\u00a0sont enfin &hellip;<\/p>\n","protected":false},"author":2,"featured_media":23887,"comment_status":"open","ping_status":"open","sticky":false,"template":"","format":"standard","meta":{"footnotes":""},"categories":[18,29],"tags":[],"class_list":["post-23886","post","type-post","status-publish","format-standard","has-post-thumbnail","hentry","category-actualites","category-monde"],"_links":{"self":[{"href":"https:\/\/ladepeche.mr\/index.php?rest_route=\/wp\/v2\/posts\/23886","targetHints":{"allow":["GET"]}}],"collection":[{"href":"https:\/\/ladepeche.mr\/index.php?rest_route=\/wp\/v2\/posts"}],"about":[{"href":"https:\/\/ladepeche.mr\/index.php?rest_route=\/wp\/v2\/types\/post"}],"author":[{"embeddable":true,"href":"https:\/\/ladepeche.mr\/index.php?rest_route=\/wp\/v2\/users\/2"}],"replies":[{"embeddable":true,"href":"https:\/\/ladepeche.mr\/index.php?rest_route=%2Fwp%2Fv2%2Fcomments&post=23886"}],"version-history":[{"count":1,"href":"https:\/\/ladepeche.mr\/index.php?rest_route=\/wp\/v2\/posts\/23886\/revisions"}],"predecessor-version":[{"id":23888,"href":"https:\/\/ladepeche.mr\/index.php?rest_route=\/wp\/v2\/posts\/23886\/revisions\/23888"}],"wp:featuredmedia":[{"embeddable":true,"href":"https:\/\/ladepeche.mr\/index.php?rest_route=\/wp\/v2\/media\/23887"}],"wp:attachment":[{"href":"https:\/\/ladepeche.mr\/index.php?rest_route=%2Fwp%2Fv2%2Fmedia&parent=23886"}],"wp:term":[{"taxonomy":"category","embeddable":true,"href":"https:\/\/ladepeche.mr\/index.php?rest_route=%2Fwp%2Fv2%2Fcategories&post=23886"},{"taxonomy":"post_tag","embeddable":true,"href":"https:\/\/ladepeche.mr\/index.php?rest_route=%2Fwp%2Fv2%2Ftags&post=23886"}],"curies":[{"name":"wp","href":"https:\/\/api.w.org\/{rel}","templated":true}]}}