{"id":23890,"date":"2026-09-02T13:27:45","date_gmt":"2026-09-02T13:27:45","guid":{"rendered":"https:\/\/ladepeche.mr\/?p=23890"},"modified":"2026-09-02T13:27:45","modified_gmt":"2026-09-02T13:27:45","slug":"genocide-culturel-israel-a-endommage-ou-detruit-plus-de-70-du-patrimoine-culturel-de-gaza","status":"publish","type":"post","link":"https:\/\/ladepeche.mr\/?p=23890","title":{"rendered":"G\u00e9nocide culturel : Isra\u00ebl a endommag\u00e9 ou d\u00e9truit plus de 70 % du patrimoine culturel de Gaza"},"content":{"rendered":"<p class=\"wp-block-paragraph\"><em>Le centre Al mezan pour les droits humains alerte sur une \u00ab d\u00e9vastation culturelle [qui] affaiblit les liens de la soci\u00e9t\u00e9 palestinienne avec son pass\u00e9 et, par cons\u00e9quent, sa capacit\u00e9 \u00e0 se relever. \u00bb\u00a0<\/em><\/p>\n<p class=\"wp-block-paragraph\">\nUn\u00a0<a href=\"https:\/\/www.mezan.org\/en\/post\/46891\/Cultural-Genocide\">nouveau rapport du centre Al Mezan pour les droits humains<\/a>\u00a0rapporte que moins d\u2019un tiers des sites historiques et culturels de Gaza est encore intact, apr\u00e8s bient\u00f4t 3 ans de guerre g\u00e9nocidaire men\u00e9e par Isra\u00ebl.<\/p>\n<p class=\"wp-block-paragraph\">Il s\u2019agit notamment de lieux de culte, de cimeti\u00e8res, de demeures historiques, de march\u00e9s traditionnels, de sites arch\u00e9ologiques, de mus\u00e9es, de biblioth\u00e8ques et d\u2019\u00e9tablissements d\u2019enseignement historiques. Ce sont au total 226 sites recens\u00e9s par Al Mezan qui ont \u00e9t\u00e9 d\u00e9truits, totalement ou partiellement, entre le 7 octobre 2023 et le 31 d\u00e9cembre 2025.<\/p>\n<p class=\"wp-block-paragraph\">Un bilan qui pourrait \u00eatre bien plus grave, avertit l\u2019organisation, qui souligne ne pas avoir pu acc\u00e9der \u00e0 63 sites historiques potentiellement affect\u00e9s situ\u00e9s par-del\u00e0 la \u00ab ligne jaune \u00bb, dans la zone maintenue sous contr\u00f4le militaire isra\u00e9lien depuis octobre 2025. \u00ab\u00a0<em>Ls forces d\u2019occupation isra\u00e9liennes menant manifestement des bombardements et des explosions de grande ampleur dans la zone jaune, l\u2019\u00e9tendue des d\u00e9g\u00e2ts caus\u00e9s aux sites y est probablement encore plus importante \u00e0 l\u2019heure actuelle<\/em>\u00a0\u00bb, pr\u00e9cise Al Mezan.<\/p>\n<p class=\"wp-block-paragraph\">Dans le rapport de 37 pages publi\u00e9 aujourd\u2019hui, l\u2019ONG d\u00e9nonce des destructions syst\u00e9miques qui ne rel\u00e8vent pas de dommages collat\u00e9raux, mais bien d\u2019une volont\u00e9 isra\u00e9lienne de porter un pr\u00e9judice durable au peuple palestinien dans ce qui en constitue l\u2019essence m\u00eame, sa singularit\u00e9 et sa capacit\u00e9 de se raconter.<\/p>\n<p class=\"wp-block-paragraph\">\u00ab<em>\u00a0La destruction mat\u00e9rielle \u00e0 Gaza a des r\u00e9percussions psychologiques et culturelles sur sa population<\/em>\u00a0\u00bb, souligne le rapport. \u00ab\u00a0<em>Gaza a subi un effondrement grave sur les plans social, \u00e9ducatif, m\u00e9dical et infrastructurel, ce qui rend la reconstruction culturelle particuli\u00e8rement difficile. La disparition d\u2019artistes, d\u2019\u00e9crivains, de journalistes et d\u2019universitaires menace encore davantage la culture et l\u2019identit\u00e9 palestiniennes contemporaines. Cette d\u00e9vastation culturelle affaiblit les liens de la soci\u00e9t\u00e9 palestinienne avec son pass\u00e9 et, par cons\u00e9quent, sa capacit\u00e9 \u00e0 se relever.\u00a0<\/em>\u00bb<\/p>\n<p class=\"wp-block-paragraph\"><strong>Destructions et pillages<\/strong><\/p>\n<p class=\"wp-block-paragraph\">Les conclusions du rapport, qui s\u2019appuie sur des donn\u00e9es recens\u00e9es aupr\u00e8s d\u2019institutions locales et v\u00e9rifi\u00e9es au cours de visites ind\u00e9pendantes et d\u2019entretiens, sont sans appel.<\/p>\n<p class=\"wp-block-paragraph\">Elles soulignent un sch\u00e9ma bien pr\u00e9cis d\u2019attaques isra\u00e9liennes ciblant les sites historiques. \u00ab\u00a0<em>Dans un premier temps, [les forces isra\u00e9liennes] ont bombard\u00e9 les b\u00e2timents environnants, causant des d\u00e9g\u00e2ts plus ou moins importants aux sites patrimoniaux situ\u00e9s \u00e0 proximit\u00e9. Cette \u00e9tape a \u00e9t\u00e9 suivie par le ciblage d\u00e9lib\u00e9r\u00e9 et direct de sites arch\u00e9ologiques et historiques embl\u00e9matiques. Par la suite, apr\u00e8s avoir men\u00e9 des incursions terrestres \u00e0 travers la bande de Gaza, elles ont commenc\u00e9 \u00e0 raser et \u00e0 ensevelir ces sites, puis ont ras\u00e9 des quartiers historiques entiers, en particulier dans la ville de Gaza.\u00a0<\/em>\u00bb<\/p>\n<p class=\"wp-block-paragraph\">Outre ces destructions volontaires et disproportionn\u00e9es, Al Mezan souligne le pillage syst\u00e9matique de ces sites, signalant de nombreux objets vol\u00e9s parmi lesquels des horloges, des pierres pr\u00e9cieuses, des morceaux de marbre, des statues, des pierres sculpt\u00e9es, des colonnes antiques et d\u2019autres \u00e9l\u00e9ments architecturaux. Les sites concern\u00e9s se trouvaient dans des zones enti\u00e8rement contr\u00f4l\u00e9es par les forces isra\u00e9liennes au moment des vols, pr\u00e9cise le rapport.<\/p>\n<p class=\"wp-block-paragraph\">70% des sites historiques et culturels sont concern\u00e9s par ces destructions. Parmi eux, la moiti\u00e9 ont \u00e9t\u00e9 enti\u00e8rement d\u00e9truits, 30 % gravement endommag\u00e9s et 15% l\u00e9g\u00e8rement endommag\u00e9s. 72% des sites concern\u00e9s se situaient dans la ville de Gaza, qui abritait une forte concentration de sites arch\u00e9ologiques class\u00e9s.<\/p>\n<p class=\"wp-block-paragraph\">Le rapport l\u2019Al Mezan examine \u00e9galement ces destructions catastrophiques \u00e0 la lumi\u00e8re des cadres juridiques internationaux applicables, notamment le droit international humanitaire et le droit international des droits de l\u2019homme, qui proscrit largement la destruction disproportionn\u00e9e et d\u00e9lib\u00e9r\u00e9e du patrimoine culturel. En particulier, les auteur-ices se r\u00e9f\u00e8rent \u00e0 l\u2019article 53 du premier Protocole additionnel aux Conventions de Gen\u00e8ve, consid\u00e9r\u00e9 comme contraignant pour Isra\u00ebl en vertu du droit international coutumier, interdit \u00ab<em>\u00a0tout acte d\u2019hostilit\u00e9 dirig\u00e9 contre des monuments historiques, des \u0153uvres d\u2019art ou des lieux de culte qui constituent le patrimoine culturel ou spirituel des peuples<\/em>\u00a0\u00bb.<\/p>\n<p class=\"wp-block-paragraph\"><strong>La remise en cause de la continuit\u00e9 civilisationnelle<\/strong><\/p>\n<p class=\"wp-block-paragraph\">Les bombardements massifs inflig\u00e9s par Isra\u00ebl \u00e0 l\u2019ensemble de la bande de Gaza depuis le 7 octobre 2023 ont entra\u00een\u00e9 une destruction g\u00e9n\u00e9ralis\u00e9e des infrastructures civiles, notamment des h\u00f4pitaux, des centres de sant\u00e9, des universit\u00e9s, des \u00e9coles et des institutions culturelles. C\u2019est l\u2019ensemble de la soci\u00e9t\u00e9 et de ce qui permet son autonomie qui a \u00e9t\u00e9 d\u00e9truit.<\/p>\n<p class=\"wp-block-paragraph\">Mais si le centre Al Mezan a choisi de se concentrer sur les destructions caus\u00e9es aux b\u00e2timents et sites culturels, c\u2019est que ces derniers comportent une composante fondamentale de l\u2019identit\u00e9 et de la m\u00e9moire collective.<\/p>\n<p class=\"wp-block-paragraph\">\u00ab\u00a0<em>Les d\u00e9g\u00e2ts consid\u00e9rables subis par ces sites ne sont pas simplement des dommages collat\u00e9raux, c\u2019est-\u00e0-dire la cons\u00e9quence involontaire d\u2019attaques visant des objectifs militaires. Il s\u2019agit d\u2019une m\u00e9thode g\u00e9nocidaire qui contribue \u00e0 l\u2019effacement d\u2019un peuple. L\u2019impact d\u2019une telle attaque sur le patrimoine est multiple et profond.\u00a0<\/em>\u00bb<\/p>\n<p class=\"wp-block-paragraph\">En effacant les sites arch\u00e9ologiques de Gaza, Al Mezan craint qu\u2019Isra\u00ebl souhaite relativiser voir remettre en cause la continuit\u00e9 civilisationelle de la pr\u00e9sence des palestinien-nes sur leurs terres, pour imposer une nouvelle r\u00e9alit\u00e9.<\/p>\n<p class=\"wp-block-paragraph\">\u00ab\u00a0<em>Les gens s\u2019habituent \u00e0 ces nouveaux paysages de d\u00e9combres. Les images mentales de ce qui s\u2019y trouvait auparavant s\u2019effacent de la m\u00e9moire collective. Une nouvelle norme s\u2019installe\u00a0<\/em>\u00bb, d\u00e9plorent les auteur-ices, qui s\u2019inqui\u00e8tent de la possible perte du sentiment d\u2019appartenance du peuple paletinien \u00e0 sa terre, avec l\u2019effacement de ses symboles.<\/p>\n<p class=\"wp-block-paragraph\">En outre, le rapport pointe la destruction par Isra\u00ebl de 101 maisons historiques, disloquant les familles qui y \u00e9taient install\u00e9es depuis plusieurs g\u00e9n\u00e9rations, brisant les liens des individu-es \u00e0 leurs anc\u00e8tres.<\/p>\n<p class=\"wp-block-paragraph\">\u00ab\u00a0<em>Les ruelles couvertes, les bains publics, les habitations et les places de march\u00e9 incarnent les rituels sociaux, les \u00e9conomies locales, les relations de voisinage et la pr\u00e9sence humaine. Ils constituent le journal intime du quartier et de ses habitants ; ce sont des lieux de vie o\u00f9 des g\u00e9n\u00e9rations de personnes se sont rassembl\u00e9es dans la joie comme dans la peine. Ces sites refl\u00e8tent toute une soci\u00e9t\u00e9. Les effacer affaiblit la capacit\u00e9 d\u2019un peuple \u00e0 pr\u00e9server ses r\u00e9cits personnels et collectifs.<\/em>\u00a0\u00bb<\/p>\n<p><a href=\"https:\/\/agencemediapalestine.fr\/blog\/2026\/08\/31\/genocide-culturel-israel-a-endommage-ou-detruit-plus-de-70-du-patrimoine-culturel-de-gaza\/?utm_source=newsletter&amp;utm_medium=email&amp;utm_campaign=genocide_culturel_israel_a_endommage_ou_detruit_plus_de_70_du_patrimoine_culturel_de_gaza&amp;utm_term=2026-09-02\">G\u00e9nocide culturel : Isra\u00ebl a endommag\u00e9 ou d\u00e9truit plus de 70 % du patrimoine culturel de Gaza &#8211; Agence Media Palestine<\/a><\/p>\n","protected":false},"excerpt":{"rendered":"<p>Le centre Al mezan pour les droits humains alerte sur une \u00ab d\u00e9vastation culturelle [qui] affaiblit les liens de la soci\u00e9t\u00e9 palestinienne avec son pass\u00e9 et, par cons\u00e9quent, sa capacit\u00e9 \u00e0 se relever. \u00bb\u00a0 Un\u00a0nouveau rapport du centre Al Mezan pour les droits humains\u00a0rapporte que moins d\u2019un tiers des sites historiques et culturels de Gaza &hellip;<\/p>\n","protected":false},"author":2,"featured_media":23891,"comment_status":"open","ping_status":"open","sticky":false,"template":"","format":"standard","meta":{"footnotes":""},"categories":[18,29],"tags":[],"class_list":["post-23890","post","type-post","status-publish","format-standard","has-post-thumbnail","hentry","category-actualites","category-monde"],"_links":{"self":[{"href":"https:\/\/ladepeche.mr\/index.php?rest_route=\/wp\/v2\/posts\/23890","targetHints":{"allow":["GET"]}}],"collection":[{"href":"https:\/\/ladepeche.mr\/index.php?rest_route=\/wp\/v2\/posts"}],"about":[{"href":"https:\/\/ladepeche.mr\/index.php?rest_route=\/wp\/v2\/types\/post"}],"author":[{"embeddable":true,"href":"https:\/\/ladepeche.mr\/index.php?rest_route=\/wp\/v2\/users\/2"}],"replies":[{"embeddable":true,"href":"https:\/\/ladepeche.mr\/index.php?rest_route=%2Fwp%2Fv2%2Fcomments&post=23890"}],"version-history":[{"count":1,"href":"https:\/\/ladepeche.mr\/index.php?rest_route=\/wp\/v2\/posts\/23890\/revisions"}],"predecessor-version":[{"id":23892,"href":"https:\/\/ladepeche.mr\/index.php?rest_route=\/wp\/v2\/posts\/23890\/revisions\/23892"}],"wp:featuredmedia":[{"embeddable":true,"href":"https:\/\/ladepeche.mr\/index.php?rest_route=\/wp\/v2\/media\/23891"}],"wp:attachment":[{"href":"https:\/\/ladepeche.mr\/index.php?rest_route=%2Fwp%2Fv2%2Fmedia&parent=23890"}],"wp:term":[{"taxonomy":"category","embeddable":true,"href":"https:\/\/ladepeche.mr\/index.php?rest_route=%2Fwp%2Fv2%2Fcategories&post=23890"},{"taxonomy":"post_tag","embeddable":true,"href":"https:\/\/ladepeche.mr\/index.php?rest_route=%2Fwp%2Fv2%2Ftags&post=23890"}],"curies":[{"name":"wp","href":"https:\/\/api.w.org\/{rel}","templated":true}]}}