{"id":23895,"date":"2026-09-02T22:55:50","date_gmt":"2026-09-02T22:55:50","guid":{"rendered":"https:\/\/ladepeche.mr\/?p=23895"},"modified":"2026-09-02T22:55:50","modified_gmt":"2026-09-02T22:55:50","slug":"hausse-des-prix-de-la-viande-le-gouvernement-oeuvre-a-une-solution-consensuelle","status":"publish","type":"post","link":"https:\/\/ladepeche.mr\/?p=23895","title":{"rendered":"Hausse des prix de la viande : le gouvernement \u0153uvre \u00e0 une solution consensuelle"},"content":{"rendered":"<p>Le Premier ministre, M. El Mokhtar Ould Diay, a pr\u00e9sid\u00e9 mercredi \u00e0 la Primature une r\u00e9union consacr\u00e9e \u00e0 la hausse r\u00e9cente des prix de la viande, en application des orientations du Pr\u00e9sident de la R\u00e9publique, M. Mohamed Ould Cheikh El Ghazouani, visant \u00e0 pr\u00e9server le pouvoir d\u2019achat des citoyens et \u00e0 assurer la stabilit\u00e9 des prix.<\/p>\n<p>La rencontre a port\u00e9 sur les difficult\u00e9s qui affectent actuellement le march\u00e9 de la viande et sur les moyens d\u2019y apporter des r\u00e9ponses, en tenant compte des pr\u00e9occupations des diff\u00e9rents acteurs de la fili\u00e8re.<\/p>\n<p>\u00c0 cette occasion, le Premier ministre a soulign\u00e9 que la recherche d\u2019une solution durable passe par le dialogue et la concertation avec l\u2019ensemble des professionnels concern\u00e9s. Il a notamment insist\u00e9 sur la n\u00e9cessit\u00e9 de trouver un \u00e9quilibre entre les int\u00e9r\u00eats des \u00e9leveurs, des bouchers et des consommateurs.<\/p>\n<p>Dans ce cadre, une commission regroupant les principaux acteurs de la fili\u00e8re sera mise en place sous la supervision du ministre du D\u00e9veloppement de l\u2019\u00e9levage. Elle aura notamment pour t\u00e2che de contribuer \u00e0 une meilleure organisation de la profession et de proposer un cadre plus clair pour r\u00e9guler le march\u00e9.<\/p>\n<p>Le Premier ministre a \u00e9galement demand\u00e9 aux secteurs concern\u00e9s de veiller au respect des mesures convenues et de lutter contre toute sp\u00e9culation ou hausse injustifi\u00e9e des prix, tout en assurant un approvisionnement r\u00e9gulier du march\u00e9.<\/p>\n<p>Le plafonnement des prix de la viande sera, par ailleurs, \u00e9tendu \u00e0 l\u2019ensemble des communes du pays avant la fin de la semaine. Un suivi r\u00e9gulier sera assur\u00e9 afin de s\u2019assurer de la mise en \u0153uvre effective des d\u00e9cisions prises.<\/p>\n<p>\u00c0 travers ces mesures, le gouvernement entend poursuivre le dialogue avec les acteurs de la fili\u00e8re et favoriser une solution consensuelle qui permette de r\u00e9pondre aux pr\u00e9occupations des professionnels tout en pr\u00e9servant le pouvoir d\u2019achat des citoyens.<\/p>\n<p>(avec ami)<\/p>\n","protected":false},"excerpt":{"rendered":"<p>Le Premier ministre, M. El Mokhtar Ould Diay, a pr\u00e9sid\u00e9 mercredi \u00e0 la Primature une r\u00e9union consacr\u00e9e \u00e0 la hausse r\u00e9cente des prix de la viande, en application des orientations du Pr\u00e9sident de la R\u00e9publique, M. Mohamed Ould Cheikh El Ghazouani, visant \u00e0 pr\u00e9server le pouvoir d\u2019achat des citoyens et \u00e0 assurer la stabilit\u00e9 des &hellip;<\/p>\n","protected":false},"author":2,"featured_media":23896,"comment_status":"open","ping_status":"open","sticky":false,"template":"","format":"standard","meta":{"footnotes":""},"categories":[18,2],"tags":[],"class_list":["post-23895","post","type-post","status-publish","format-standard","has-post-thumbnail","hentry","category-actualites","category-economie"],"_links":{"self":[{"href":"https:\/\/ladepeche.mr\/index.php?rest_route=\/wp\/v2\/posts\/23895","targetHints":{"allow":["GET"]}}],"collection":[{"href":"https:\/\/ladepeche.mr\/index.php?rest_route=\/wp\/v2\/posts"}],"about":[{"href":"https:\/\/ladepeche.mr\/index.php?rest_route=\/wp\/v2\/types\/post"}],"author":[{"embeddable":true,"href":"https:\/\/ladepeche.mr\/index.php?rest_route=\/wp\/v2\/users\/2"}],"replies":[{"embeddable":true,"href":"https:\/\/ladepeche.mr\/index.php?rest_route=%2Fwp%2Fv2%2Fcomments&post=23895"}],"version-history":[{"count":1,"href":"https:\/\/ladepeche.mr\/index.php?rest_route=\/wp\/v2\/posts\/23895\/revisions"}],"predecessor-version":[{"id":23897,"href":"https:\/\/ladepeche.mr\/index.php?rest_route=\/wp\/v2\/posts\/23895\/revisions\/23897"}],"wp:featuredmedia":[{"embeddable":true,"href":"https:\/\/ladepeche.mr\/index.php?rest_route=\/wp\/v2\/media\/23896"}],"wp:attachment":[{"href":"https:\/\/ladepeche.mr\/index.php?rest_route=%2Fwp%2Fv2%2Fmedia&parent=23895"}],"wp:term":[{"taxonomy":"category","embeddable":true,"href":"https:\/\/ladepeche.mr\/index.php?rest_route=%2Fwp%2Fv2%2Fcategories&post=23895"},{"taxonomy":"post_tag","embeddable":true,"href":"https:\/\/ladepeche.mr\/index.php?rest_route=%2Fwp%2Fv2%2Ftags&post=23895"}],"curies":[{"name":"wp","href":"https:\/\/api.w.org\/{rel}","templated":true}]}}