{"id":2390,"date":"2022-10-11T21:44:41","date_gmt":"2022-10-11T21:44:41","guid":{"rendered":"https:\/\/ladepeche.mr\/?p=2390"},"modified":"2022-10-11T21:44:41","modified_gmt":"2022-10-11T21:44:41","slug":"tchad-le-chef-du-gouvernement-demissionne","status":"publish","type":"post","link":"https:\/\/ladepeche.mr\/?p=2390","title":{"rendered":"Tchad : le chef du gouvernement d\u00e9missionne"},"content":{"rendered":"<p>Dans l\u2019euphorie de l\u2019installation du g\u00e9n\u00e9ral Mahamat Idris Deby Itno pour l\u2019\u00e9tape II du processus transitoire, le chef du gouvernement, Pahimi Packade Albert, a rendu sa d\u00e9mission.<\/p>\n<p>C\u2019est par courrier officiel que Pahimi Packade Albert a formalis\u00e9 son d\u00e9part en motivant sa d\u00e9cision. Il a remerci\u00e9 le President de la Transition pour la confiance plac\u00e9e en lui, car il a eu \u00e0 conduire en 18 mois l\u2019apr\u00e8s Idris Deby.<\/p>\n<p>Aussi, le demisionnaire n\u2019a pas manqu\u00e9 d\u2019indiquer le contexte d\u00e9licat dans lequel il a compos\u00e9 son \u00e9quipe jusqu\u2019aux Assises nationales qui ont clos la premi\u00e8re phase de la transition.<br \/>\nLe Premier ministre sortant mettra en avant les convergences des vues avec le g\u00e9n\u00e9ral Mahamat Idris Deby. Il saluera le leadership de son employeur et son aura de strat\u00e8ge qui a r\u00e9ussi \u00e0 faire d\u00e9chanter les sceptiques et oiseaux de mauvais augure qui voyaient le chaos au Tchad.<\/p>\n<p>L\u2019ancien num\u00e9ro 1 du  gouvernement s\u2019est attribu\u00e9 des acquis durant sa mission: la stabilit\u00e9 du pays, le retour des exil\u00e9s politiques et le dialogue national inclusif. Autant de facteurs qui confirment l\u2019unit\u00e9 nationale et le vivre-ensemble, peut on-lire dans sa lettre de d\u00e9mission.<\/p>\n<p>Il se retire afin que prenne forme la seconde phase de la transition : laisser la possibilit\u00e9 \u00e0 son employeur d\u2019avoir les instruments ad\u00e9quats pour cette \u00e9tape qui conduira le Tchad \u00e0 un retour \u00e0 l\u2019ordre constitutionnel.<\/p>\n<p>Rien n\u2019exclut qu\u2019il soit reconduit ou fasse la passation avec son successeur. Le d\u00e9cret portant nomination du patron de la Primature est attendu de tous !<\/p>\n<p>Par Idrissa Keita, Correspondant -https:\/\/afrimag.net\/tchad-le-chef-du-gouvernement-demissionne\/<\/p>\n","protected":false},"excerpt":{"rendered":"<p>Dans l\u2019euphorie de l\u2019installation du g\u00e9n\u00e9ral Mahamat Idris Deby Itno pour l\u2019\u00e9tape II du processus transitoire, le chef du gouvernement, Pahimi Packade Albert, a rendu sa d\u00e9mission. C\u2019est par courrier officiel que Pahimi Packade Albert a formalis\u00e9 son d\u00e9part en motivant sa d\u00e9cision. Il a remerci\u00e9 le President de la Transition pour la confiance plac\u00e9e &hellip;<\/p>\n","protected":false},"author":2,"featured_media":2391,"comment_status":"open","ping_status":"open","sticky":false,"template":"","format":"standard","meta":{"footnotes":""},"categories":[18,28],"tags":[],"class_list":["post-2390","post","type-post","status-publish","format-standard","has-post-thumbnail","hentry","category-actualites","category-sahel"],"_links":{"self":[{"href":"https:\/\/ladepeche.mr\/index.php?rest_route=\/wp\/v2\/posts\/2390","targetHints":{"allow":["GET"]}}],"collection":[{"href":"https:\/\/ladepeche.mr\/index.php?rest_route=\/wp\/v2\/posts"}],"about":[{"href":"https:\/\/ladepeche.mr\/index.php?rest_route=\/wp\/v2\/types\/post"}],"author":[{"embeddable":true,"href":"https:\/\/ladepeche.mr\/index.php?rest_route=\/wp\/v2\/users\/2"}],"replies":[{"embeddable":true,"href":"https:\/\/ladepeche.mr\/index.php?rest_route=%2Fwp%2Fv2%2Fcomments&post=2390"}],"version-history":[{"count":1,"href":"https:\/\/ladepeche.mr\/index.php?rest_route=\/wp\/v2\/posts\/2390\/revisions"}],"predecessor-version":[{"id":2392,"href":"https:\/\/ladepeche.mr\/index.php?rest_route=\/wp\/v2\/posts\/2390\/revisions\/2392"}],"wp:featuredmedia":[{"embeddable":true,"href":"https:\/\/ladepeche.mr\/index.php?rest_route=\/wp\/v2\/media\/2391"}],"wp:attachment":[{"href":"https:\/\/ladepeche.mr\/index.php?rest_route=%2Fwp%2Fv2%2Fmedia&parent=2390"}],"wp:term":[{"taxonomy":"category","embeddable":true,"href":"https:\/\/ladepeche.mr\/index.php?rest_route=%2Fwp%2Fv2%2Fcategories&post=2390"},{"taxonomy":"post_tag","embeddable":true,"href":"https:\/\/ladepeche.mr\/index.php?rest_route=%2Fwp%2Fv2%2Ftags&post=2390"}],"curies":[{"name":"wp","href":"https:\/\/api.w.org\/{rel}","templated":true}]}}