{"id":23920,"date":"2026-09-05T13:00:51","date_gmt":"2026-09-05T13:00:51","guid":{"rendered":"https:\/\/ladepeche.mr\/?p=23920"},"modified":"2026-09-05T12:18:21","modified_gmt":"2026-09-05T12:18:21","slug":"mauritanie-bonifiche-ferraresi-en-discussions-pour-un-vaste-projet-agricole-au-brakna","status":"publish","type":"post","link":"https:\/\/ladepeche.mr\/?p=23920","title":{"rendered":"Mauritanie : Bonifiche Ferraresi en discussions pour un vaste projet agricole au Brakna"},"content":{"rendered":"<p>Le groupe agro-industriel italien Bonifiche Ferraresi (BF) est en discussions avec les autorit\u00e9s mauritaniennes en vue de d\u00e9velopper un vaste projet agricole dans la wilaya du Brakna, en collaboration avec la Soci\u00e9t\u00e9 nationale de d\u00e9veloppement rural (Sonader), r\u00e9v\u00e8le une information de l\u2019AGI citant des sources concordantes.<\/p>\n<p>Le projet pourrait porter sur l\u2019am\u00e9nagement de 10.000 \u00e0 20.000 hectares de terres agricoles dans la zone de Bogh\u00e9 et pr\u00e9voit notamment la construction d\u2019un nouveau canal destin\u00e9 \u00e0 renforcer les capacit\u00e9s d\u2019irrigation.<\/p>\n<p>Les productions envisag\u00e9es comprennent notamment le bl\u00e9, le riz, les cultures mara\u00eech\u00e8res et les semences, dans un contexte o\u00f9 la Mauritanie cherche \u00e0 accro\u00eetre sa production c\u00e9r\u00e9ali\u00e8re et \u00e0 r\u00e9duire sa d\u00e9pendance aux importations.<\/p>\n<p>Les modalit\u00e9s de financement, le co\u00fbt global du projet et son calendrier de r\u00e9alisation n\u2019ont pas encore \u00e9t\u00e9 arr\u00eat\u00e9s publiquement. Selon les premiers \u00e9l\u00e9ments disponibles, BF pourrait assurer une partie du financement, tandis que la contribution mauritanienne b\u00e9n\u00e9ficierait d\u2019un appui de la coop\u00e9ration italienne.<\/p>\n<p>Le projet s\u2019inscrit \u00e9galement dans le cadre du rapprochement \u00e9conomique entre la Mauritanie et l\u2019Italie. Nouakchott a rejoint, en janvier 2025, la liste des pays partenaires du Plan Mattei pour l\u2019Afrique, initiative italienne qui accorde une place importante \u00e0 l\u2019agriculture, \u00e0 la s\u00e9curit\u00e9 alimentaire et au d\u00e9veloppement des investissements italiens sur le continent.<\/p>\n<p>Bonifiche Ferraresi figure parmi les groupes italiens les plus actifs dans ce domaine en Afrique. Son mod\u00e8le repose notamment sur l\u2019exploitation de grandes superficies, l\u2019irrigation, la m\u00e9canisation, la formation et, \u00e0 terme, la transformation des productions agricoles.<\/p>\n<p>En Alg\u00e9rie, le groupe a engag\u00e9 en juillet 2024, avec le Fonds national d\u2019investissement alg\u00e9rien, un projet agro-industriel de 36.000 hectares \u00e0 Timimoun, consacr\u00e9 notamment au bl\u00e9 et aux l\u00e9gumineuses. Une premi\u00e8re campagne de bl\u00e9 y a \u00e9t\u00e9 lanc\u00e9e en mai 2026 sur 1.600 hectares.<\/p>\n<p>BF d\u00e9veloppe \u00e9galement un domaine agricole de 5.000 hectares au Ghana, pour un investissement annonc\u00e9 d\u2019environ 90 millions d\u2019euros. Au S\u00e9n\u00e9gal, le groupe a sign\u00e9 en avril 2025 un protocole d\u2019accord portant sur l\u2019am\u00e9nagement de 10.000 hectares dans la commune de Kaour. Un accord de m\u00eame superficie a \u00e9t\u00e9 conclu le m\u00eame mois avec la R\u00e9publique du Congo pour un projet \u00e0 Dolisie.<\/p>\n<p>En C\u00f4te d\u2019Ivoire, BF a par ailleurs sign\u00e9, en septembre 2025, une convention d\u2019investissement de 134 millions d\u2019euros pour le d\u00e9veloppement d\u2019une ferme-pilote de 10.000 hectares \u00e0 Tagadi, dans le nord-est du pays.<\/p>\n<p>Le volet consacr\u00e9 aux semences pourrait rev\u00eatir une importance particuli\u00e8re pour la Mauritanie, qui cherche depuis plusieurs ann\u00e9es \u00e0 structurer une fili\u00e8re nationale. En 2024, un essai de culture de bl\u00e9 sur 200 hectares dans le Trarza avait notamment enregistr\u00e9 des rendements estim\u00e9s entre quatre et cinq tonnes \u00e0 l\u2019hectare.<\/p>\n<p>Le projet envisag\u00e9 au Brakna intervient ainsi \u00e0 la convergence des int\u00e9r\u00eats des deux parties : la Mauritanie cherche \u00e0 renforcer ses capacit\u00e9s agricoles, ses infrastructures d\u2019irrigation et sa production c\u00e9r\u00e9ali\u00e8re, tandis que BF poursuit le d\u00e9ploiement en Afrique d\u2019un mod\u00e8le combinant technologies agricoles, irrigation, m\u00e9canisation et transformation.<\/p>\n<p>Pour soutenir les investissements de ses entreprises en Afrique, l\u2019Italie dispose notamment du dispositif \u00ab Plafond Africa \u00bb de la Cassa Depositi e Prestiti, dot\u00e9 de 500 millions d\u2019euros, ainsi que de la \u00ab Misura Africa \u00bb g\u00e9r\u00e9e par SIMEST, qui mobilise 200 millions d\u2019euros de financements concessionnels.<\/p>\n<p>En juillet 2026, BF avait annonc\u00e9 en Italie son ambition de d\u00e9velopper une vingtaine de \u00ab model farms \u00bb, dont plusieurs seraient implant\u00e9es en Afrique.<\/p>\n<p>Le projet mauritanien demeure toutefois \u00e0 un stade pr\u00e9paratoire. Son financement d\u00e9finitif, son calendrier et les modalit\u00e9s pr\u00e9cises de sa mise en \u0153uvre restent \u00e0 clarifier.<\/p>\n<p>&nbsp;<\/p>\n","protected":false},"excerpt":{"rendered":"<p>Le groupe agro-industriel italien Bonifiche Ferraresi (BF) est en discussions avec les autorit\u00e9s mauritaniennes en vue de d\u00e9velopper un vaste projet agricole dans la wilaya du Brakna, en collaboration avec la Soci\u00e9t\u00e9 nationale de d\u00e9veloppement rural (Sonader), r\u00e9v\u00e8le une information de l\u2019AGI citant des sources concordantes. Le projet pourrait porter sur l\u2019am\u00e9nagement de 10.000 \u00e0 &hellip;<\/p>\n","protected":false},"author":2,"featured_media":23921,"comment_status":"open","ping_status":"open","sticky":false,"template":"","format":"standard","meta":{"footnotes":""},"categories":[18,2,29],"tags":[],"class_list":["post-23920","post","type-post","status-publish","format-standard","has-post-thumbnail","hentry","category-actualites","category-economie","category-monde"],"_links":{"self":[{"href":"https:\/\/ladepeche.mr\/index.php?rest_route=\/wp\/v2\/posts\/23920","targetHints":{"allow":["GET"]}}],"collection":[{"href":"https:\/\/ladepeche.mr\/index.php?rest_route=\/wp\/v2\/posts"}],"about":[{"href":"https:\/\/ladepeche.mr\/index.php?rest_route=\/wp\/v2\/types\/post"}],"author":[{"embeddable":true,"href":"https:\/\/ladepeche.mr\/index.php?rest_route=\/wp\/v2\/users\/2"}],"replies":[{"embeddable":true,"href":"https:\/\/ladepeche.mr\/index.php?rest_route=%2Fwp%2Fv2%2Fcomments&post=23920"}],"version-history":[{"count":1,"href":"https:\/\/ladepeche.mr\/index.php?rest_route=\/wp\/v2\/posts\/23920\/revisions"}],"predecessor-version":[{"id":23922,"href":"https:\/\/ladepeche.mr\/index.php?rest_route=\/wp\/v2\/posts\/23920\/revisions\/23922"}],"wp:featuredmedia":[{"embeddable":true,"href":"https:\/\/ladepeche.mr\/index.php?rest_route=\/wp\/v2\/media\/23921"}],"wp:attachment":[{"href":"https:\/\/ladepeche.mr\/index.php?rest_route=%2Fwp%2Fv2%2Fmedia&parent=23920"}],"wp:term":[{"taxonomy":"category","embeddable":true,"href":"https:\/\/ladepeche.mr\/index.php?rest_route=%2Fwp%2Fv2%2Fcategories&post=23920"},{"taxonomy":"post_tag","embeddable":true,"href":"https:\/\/ladepeche.mr\/index.php?rest_route=%2Fwp%2Fv2%2Ftags&post=23920"}],"curies":[{"name":"wp","href":"https:\/\/api.w.org\/{rel}","templated":true}]}}