{"id":23923,"date":"2026-09-05T13:32:15","date_gmt":"2026-09-05T13:32:15","guid":{"rendered":"https:\/\/ladepeche.mr\/?p=23923"},"modified":"2026-09-05T12:56:28","modified_gmt":"2026-09-05T12:56:28","slug":"maroc-un-premier-convoi-de-120-senegalais-attendu-au-pays-ce-samedi","status":"publish","type":"post","link":"https:\/\/ladepeche.mr\/?p=23923","title":{"rendered":"Maroc : un premier convoi de 120 S\u00e9n\u00e9galais attendu au pays ce samedi"},"content":{"rendered":"<p>Un premier convoi de 120 S\u00e9n\u00e9galais quittera le Maroc ce vendredi 4 septembre 2026 pour regagner le S\u00e9n\u00e9gal par voie terrestre. Ces ressortissants font partie des migrants secourus ou intercept\u00e9s en mer par la Marine royale marocaine, dans le cadre des op\u00e9rations de rapatriement volontaire.<\/p>\n<p>\u00ab Le rapatriement est confirm\u00e9. Un premier convoi de 120 compatriotes quittera le Maroc vendredi 4 septembre 2026 pour rejoindre le S\u00e9n\u00e9gal par la voie terrestre \u00bb, a d\u00e9clar\u00e9 Babou S\u00e8ne, Consul g\u00e9n\u00e9ral du S\u00e9n\u00e9gal \u00e0 Dakhla, une ville situ\u00e9e dans le sud du Maroc.<\/p>\n<p>Le convoi doit traverser la Mauritanie avant d\u2019atteindre le territoire s\u00e9n\u00e9galais. Selon le consul g\u00e9n\u00e9ral, les 120 migrants sont attendus \u00e0 Rosso, ville frontali\u00e8re entre la Mauritanie et le S\u00e9n\u00e9gal, d\u00e8s samedi.<\/p>\n<p>Les autorit\u00e9s consulaires s\u00e9n\u00e9galaises \u00e0 Dakhla indiquent que les d\u00e9marches se poursuivent avec les autorit\u00e9s marocaines et les repr\u00e9sentations diplomatiques concern\u00e9es afin d\u2019organiser d\u2019autres op\u00e9rations de rapatriement volontaire.<\/p>\n<p>\u00c0 ce jour, 251 S\u00e9n\u00e9galais sont toujours accueillis dans les centres de migrants de Bir-Guindouz et d\u2019Argoub, dans le sud du Maroc. Ils attendent leur retour au S\u00e9n\u00e9gal dans le cadre du dispositif de rapatriement volontaire.<\/p>\n<p><a href=\"https:\/\/www.seneweb.com\/fr\/news\/Afrique\/maroc-un-premier-convoi-de-120-senegalais-attendu-au-pays-ce-samedi_n_503365.html\">Maroc : un premier convoi de 120 S\u00e9n\u00e9galais attendu au pays ce samedi | Seneweb<\/a><\/p>\n","protected":false},"excerpt":{"rendered":"<p>Un premier convoi de 120 S\u00e9n\u00e9galais quittera le Maroc ce vendredi 4 septembre 2026 pour regagner le S\u00e9n\u00e9gal par voie terrestre. Ces ressortissants font partie des migrants secourus ou intercept\u00e9s en mer par la Marine royale marocaine, dans le cadre des op\u00e9rations de rapatriement volontaire. \u00ab Le rapatriement est confirm\u00e9. Un premier convoi de 120 &hellip;<\/p>\n","protected":false},"author":2,"featured_media":23924,"comment_status":"open","ping_status":"open","sticky":false,"template":"","format":"standard","meta":{"footnotes":""},"categories":[18,29],"tags":[],"class_list":["post-23923","post","type-post","status-publish","format-standard","has-post-thumbnail","hentry","category-actualites","category-monde"],"_links":{"self":[{"href":"https:\/\/ladepeche.mr\/index.php?rest_route=\/wp\/v2\/posts\/23923","targetHints":{"allow":["GET"]}}],"collection":[{"href":"https:\/\/ladepeche.mr\/index.php?rest_route=\/wp\/v2\/posts"}],"about":[{"href":"https:\/\/ladepeche.mr\/index.php?rest_route=\/wp\/v2\/types\/post"}],"author":[{"embeddable":true,"href":"https:\/\/ladepeche.mr\/index.php?rest_route=\/wp\/v2\/users\/2"}],"replies":[{"embeddable":true,"href":"https:\/\/ladepeche.mr\/index.php?rest_route=%2Fwp%2Fv2%2Fcomments&post=23923"}],"version-history":[{"count":1,"href":"https:\/\/ladepeche.mr\/index.php?rest_route=\/wp\/v2\/posts\/23923\/revisions"}],"predecessor-version":[{"id":23925,"href":"https:\/\/ladepeche.mr\/index.php?rest_route=\/wp\/v2\/posts\/23923\/revisions\/23925"}],"wp:featuredmedia":[{"embeddable":true,"href":"https:\/\/ladepeche.mr\/index.php?rest_route=\/wp\/v2\/media\/23924"}],"wp:attachment":[{"href":"https:\/\/ladepeche.mr\/index.php?rest_route=%2Fwp%2Fv2%2Fmedia&parent=23923"}],"wp:term":[{"taxonomy":"category","embeddable":true,"href":"https:\/\/ladepeche.mr\/index.php?rest_route=%2Fwp%2Fv2%2Fcategories&post=23923"},{"taxonomy":"post_tag","embeddable":true,"href":"https:\/\/ladepeche.mr\/index.php?rest_route=%2Fwp%2Fv2%2Ftags&post=23923"}],"curies":[{"name":"wp","href":"https:\/\/api.w.org\/{rel}","templated":true}]}}