{"id":23929,"date":"2026-09-05T18:35:36","date_gmt":"2026-09-05T18:35:36","guid":{"rendered":"https:\/\/ladepeche.mr\/?p=23929"},"modified":"2026-09-05T18:35:36","modified_gmt":"2026-09-05T18:35:36","slug":"le-niger-accuse-la-france-davoir-incite-des-soldats-a-se-mutiner","status":"publish","type":"post","link":"https:\/\/ladepeche.mr\/?p=23929","title":{"rendered":"Le Niger accuse la France d&#8217;avoir incit\u00e9 des soldats \u00e0 se mutiner"},"content":{"rendered":"<p data-t=\"{&quot;n&quot;:&quot;blueLinks&quot;,&quot;t&quot;:13,&quot;a&quot;:&quot;click&quot;,&quot;b&quot;:76}\">Les autorit\u00e9s nig\u00e9riennes ont accus\u00e9 vendredi la France d\u2019avoir pouss\u00e9 des soldats nig\u00e9riens \u00e0 se mutiner. La semaine derni\u00e8re l\u2019a\u00e9roport et le palais pr\u00e9sidentiel \u00e0 Niamey ont \u00e9t\u00e9 attaqu\u00e9 par des mutins.<\/p>\n<p data-t=\"{&quot;n&quot;:&quot;blueLinks&quot;,&quot;t&quot;:13,&quot;a&quot;:&quot;click&quot;,&quot;b&quot;:76}\">Pour le Niger, Paris est le fer de lance d\u2019un vaste r\u00e9seau de complices \u00e0 l\u2019origine de cette op\u00e9ration. Des accusations qualifi\u00e9es de \u2018\u2019 pures fantaisies\u2019\u2019 samedi par le ministre fran\u00e7ais des Affaires \u00e9trang\u00e8res.<\/p>\n<p data-t=\"{&quot;n&quot;:&quot;blueLinks&quot;,&quot;t&quot;:13,&quot;a&quot;:&quot;click&quot;,&quot;b&quot;:76}\">Jean-No\u00ebl Barrot affirme qu\u2019il n\u2019y a jamais eu d\u2019intention ni de moyen mobilis\u00e9 par la France pour fomenter une telle mutinerie.<\/p>\n<p class=\"continue-read-break\" data-t=\"{&quot;n&quot;:&quot;blueLinks&quot;,&quot;t&quot;:13,&quot;a&quot;:&quot;click&quot;,&quot;b&quot;:76}\">Les autorit\u00e9s de Niamey qui ont surv\u00e9cu \u00e0 cette mutinerie menacent de porter l\u2019affaire devant la justice internationale.<\/p>\n<p data-t=\"{&quot;n&quot;:&quot;blueLinks&quot;,&quot;t&quot;:13,&quot;a&quot;:&quot;click&quot;,&quot;b&quot;:76}\">Depuis la chute du pr\u00e9sident Mohamed Bazoum en juillet 2023, le Niger a accus\u00e9 \u00e0 plusieurs reprises la France de tentative de d\u00e9stabilisation.<\/p>\n<p data-t=\"{&quot;n&quot;:&quot;blueLinks&quot;,&quot;t&quot;:13,&quot;a&quot;:&quot;click&quot;,&quot;b&quot;:76}\"><a href=\"https:\/\/www.msn.com\/fr-xl\/actualite\/other\/le-niger-accuse-la-france-d-avoir-incit%C3%A9-des-soldats-%C3%A0-se-mutiner\/ar-AA2bDnTF?ocid=msedgntp&amp;pc=U531&amp;cvid=6a9c5f5600b34be6a4457971bfb9673c&amp;ei=22\">Le Niger accuse la France d&#8217;avoir incit\u00e9 des soldats \u00e0 se mutiner<\/a><\/p>\n","protected":false},"excerpt":{"rendered":"<p>Les autorit\u00e9s nig\u00e9riennes ont accus\u00e9 vendredi la France d\u2019avoir pouss\u00e9 des soldats nig\u00e9riens \u00e0 se mutiner. La semaine derni\u00e8re l\u2019a\u00e9roport et le palais pr\u00e9sidentiel \u00e0 Niamey ont \u00e9t\u00e9 attaqu\u00e9 par des mutins. Pour le Niger, Paris est le fer de lance d\u2019un vaste r\u00e9seau de complices \u00e0 l\u2019origine de cette op\u00e9ration. Des accusations qualifi\u00e9es de &hellip;<\/p>\n","protected":false},"author":2,"featured_media":23930,"comment_status":"open","ping_status":"open","sticky":false,"template":"","format":"standard","meta":{"footnotes":""},"categories":[18,29,28],"tags":[],"class_list":["post-23929","post","type-post","status-publish","format-standard","has-post-thumbnail","hentry","category-actualites","category-monde","category-sahel"],"_links":{"self":[{"href":"https:\/\/ladepeche.mr\/index.php?rest_route=\/wp\/v2\/posts\/23929","targetHints":{"allow":["GET"]}}],"collection":[{"href":"https:\/\/ladepeche.mr\/index.php?rest_route=\/wp\/v2\/posts"}],"about":[{"href":"https:\/\/ladepeche.mr\/index.php?rest_route=\/wp\/v2\/types\/post"}],"author":[{"embeddable":true,"href":"https:\/\/ladepeche.mr\/index.php?rest_route=\/wp\/v2\/users\/2"}],"replies":[{"embeddable":true,"href":"https:\/\/ladepeche.mr\/index.php?rest_route=%2Fwp%2Fv2%2Fcomments&post=23929"}],"version-history":[{"count":1,"href":"https:\/\/ladepeche.mr\/index.php?rest_route=\/wp\/v2\/posts\/23929\/revisions"}],"predecessor-version":[{"id":23931,"href":"https:\/\/ladepeche.mr\/index.php?rest_route=\/wp\/v2\/posts\/23929\/revisions\/23931"}],"wp:featuredmedia":[{"embeddable":true,"href":"https:\/\/ladepeche.mr\/index.php?rest_route=\/wp\/v2\/media\/23930"}],"wp:attachment":[{"href":"https:\/\/ladepeche.mr\/index.php?rest_route=%2Fwp%2Fv2%2Fmedia&parent=23929"}],"wp:term":[{"taxonomy":"category","embeddable":true,"href":"https:\/\/ladepeche.mr\/index.php?rest_route=%2Fwp%2Fv2%2Fcategories&post=23929"},{"taxonomy":"post_tag","embeddable":true,"href":"https:\/\/ladepeche.mr\/index.php?rest_route=%2Fwp%2Fv2%2Ftags&post=23929"}],"curies":[{"name":"wp","href":"https:\/\/api.w.org\/{rel}","templated":true}]}}