{"id":23932,"date":"2026-09-05T19:03:53","date_gmt":"2026-09-05T19:03:53","guid":{"rendered":"https:\/\/ladepeche.mr\/?p=23932"},"modified":"2026-09-05T19:07:46","modified_gmt":"2026-09-05T19:07:46","slug":"durcissement-migratoire-autrefois-un-asile-lue-combat-les-damnes-de-la-terre","status":"publish","type":"post","link":"https:\/\/ladepeche.mr\/?p=23932","title":{"rendered":"Durcissement migratoire: autrefois un asile, l&#8217;Ue combat d\u00e9sormais &#8220;les damn\u00e9s&#8221; de la terre"},"content":{"rendered":"<p class=\"isSelectedEnd\">L\u2019Europe poursuit le durcissement de sa politique migratoire. Derni\u00e8re illustration en date, le projet port\u00e9 par le Danemark, l\u2019Allemagne, l\u2019Autriche, la Gr\u00e8ce et les Pays-Bas de cr\u00e9er, d\u00e8s 2027, des \u00ab centres de retour \u00bb dans des pays situ\u00e9s hors de l\u2019Union europ\u00e9enne pour y transf\u00e9rer des migrants d\u00e9bout\u00e9s de leur demande d\u2019asile.<\/p>\n<p class=\"isSelectedEnd\">R\u00e9unis \u00e0 Copenhague, les cinq pays esp\u00e8rent conclure d\u2019ici au d\u00e9but de 2027 un accord avec un \u00c9tat partenaire susceptible d\u2019accueillir ces personnes en situation irr\u00e9guli\u00e8re. Le Danemark et la Gr\u00e8ce ambitionnent d\u00e9j\u00e0 de rendre op\u00e9rationnel un premier centre au cours de l\u2019ann\u00e9e prochaine. L&#8217;Europe apr\u00e8s avoir raill\u00e9 le pr\u00e9sident Us D.Trump s&#8217;inspire d\u00e9sormais de lui.<\/p>\n<p class=\"isSelectedEnd\">Ce projet de barricades traduit une \u00e9volution profonde de la politique migratoire europ\u00e9enne, d\u00e9sormais davantage tourn\u00e9e vers le contr\u00f4le des fronti\u00e8res, la d\u00e9tention et l\u2019\u00e9loignement des personnes d\u00e9bout\u00e9es du droit d\u2019asile. En juin dernier, le Parlement europ\u00e9en a approuv\u00e9 de nouvelles r\u00e8gles \u00e9largissant notamment les possibilit\u00e9s de d\u00e9tention et ouvrant la voie \u00e0 des dispositifs de retour dans des pays tiers.<\/p>\n<p class=\"isSelectedEnd\">Derri\u00e8re cette \u00e9volution, c\u2019est toute la question de l\u2019avenir de plusieurs millions de personnes qui se retrouve pos\u00e9e. Des hommes, des femmes et des enfants qui, souvent, ont abandonn\u00e9 leurs biens, leurs familles et leurs rep\u00e8res dans l\u2019espoir de trouver ailleurs des conditions de vie plus cl\u00e9mentes se retrouvent d\u00e9sormais confront\u00e9s \u00e0 une Europe qui se ferme progressivement.<\/p>\n<p class=\"isSelectedEnd\">Le ph\u00e9nom\u00e8ne intervient alors que les formations politiques d\u2019extr\u00eame droite sont aux commandes de plusieurs gouvernements europ\u00e9ens apr\u00e8s avoir surf\u00e9 sur la pr\u00e9sence de communaut\u00e9s issues d&#8217;autres cultures boostant ainsi le d\u00e9bat politique. Pour ces mouvements, la r\u00e9duction de l\u2019immigration est devenue un marqueur politique majeur, contribuant \u00e0 d\u00e9placer progressivement le d\u00e9bat europ\u00e9en vers des politiques plus restrictives.<\/p>\n<p class=\"isSelectedEnd\"><strong>Qui est r\u00e9ellement vis\u00e9 par ce durcissement ?<\/strong><\/p>\n<p class=\"isSelectedEnd\">La question m\u00e9rite d\u2019\u00eatre pos\u00e9e, notamment en Afrique. Les ressortissants africains figurent parmi les principales populations concern\u00e9es par les politiques europ\u00e9ennes de contr\u00f4le des migrations. \u00c0 cela s\u2019ajoutent les inqui\u00e9tudes li\u00e9es \u00e0 la mont\u00e9e, dans certains pays, de discours hostiles aux immigr\u00e9s et, plus largement, aux musulmans, alimentant le sentiment d\u2019une stigmatisation croissante de certaines communaut\u00e9s.<\/p>\n<p class=\"isSelectedEnd\">L\u2019Afrique ne peut d\u00e8s lors rester indiff\u00e9rente \u00e0 une \u00e9volution susceptible d\u2019affecter directement la mobilit\u00e9 de ses ressortissants. L\u2019Union africaine pourrait-elle prendre l\u2019initiative d\u2019un d\u00e9bat politique de haut niveau avec l\u2019Union europ\u00e9enne afin de replacer la question migratoire dans son contexte historique, \u00e9conomique et humain ?<\/p>\n<p class=\"isSelectedEnd\">Une telle d\u00e9marche pourrait notamment rappeler que les relations entre l\u2019Europe et l\u2019Afrique ne peuvent \u00eatre dissoci\u00e9es de l\u2019histoire de la colonisation, de l\u2019exploitation des ressources africaines et des liens \u00e9conomiques et humains construits au fil des si\u00e8cles. Elle pourrait \u00e9galement poser la question de la responsabilit\u00e9 partag\u00e9e dans la recherche de solutions durables aux migrations.<\/p>\n<p class=\"isSelectedEnd\">Car au-del\u00e0 du principe de contr\u00f4le des fronti\u00e8res, c\u2019est la question de la libert\u00e9 de circulation qui se trouve aujourd\u2019hui au c\u0153ur du d\u00e9bat. Comment concilier le droit souverain des \u00c9tats \u00e0 contr\u00f4ler leurs fronti\u00e8res avec les aspirations \u00e0 la mobilit\u00e9 d\u2019une jeunesse africaine confront\u00e9e au ch\u00f4mage, aux in\u00e9galit\u00e9s et \u00e0 l\u2019absence de perspectives ?<\/p>\n<p class=\"isSelectedEnd\">Les pr\u00e9c\u00e9dents montrent par ailleurs les difficult\u00e9s de cette externalisation des politiques migratoires. Le Royaume-Uni a finalement abandonn\u00e9 son projet d\u2019expulser des migrants vers le Rwanda, tandis que le dispositif italien en Albanie a \u00e9t\u00e9 confront\u00e9 \u00e0 des recours judiciaires.<\/p>\n<p class=\"isSelectedEnd\">Le projet des cinq pays europ\u00e9ens ouvre ainsi une nouvelle \u00e9tape dans la politique migratoire de l\u2019UE. Mais il pose aussi une question de fond : jusqu\u2019o\u00f9 l\u2019Europe peut-elle externaliser le contr\u00f4le de ses fronti\u00e8res sans transformer la migration en un face-\u00e0-face politique avec les pays dont sont originaires les migrants ?<\/p>\n<p>Pour l\u2019Union africaine, l\u2019enjeu pourrait d\u00e9sormais \u00eatre de d\u00e9passer la simple r\u00e9action aux d\u00e9cisions europ\u00e9ennes et de porter une position commune sur la mobilit\u00e9 des Africains, la dignit\u00e9 des migrants et les responsabilit\u00e9s historiques et actuelles des deux continents.<\/p>\n<p>Des faits qui sur le terrain sont contredits par le r\u00f4le d&#8217;Etats africains qui servent de centre d&#8217;accueil des migrants dont l&#8217;Europe ne veut pas.<\/p>\n<p>J.D<\/p>\n","protected":false},"excerpt":{"rendered":"<p>L\u2019Europe poursuit le durcissement de sa politique migratoire. Derni\u00e8re illustration en date, le projet port\u00e9 par le Danemark, l\u2019Allemagne, l\u2019Autriche, la Gr\u00e8ce et les Pays-Bas de cr\u00e9er, d\u00e8s 2027, des \u00ab centres de retour \u00bb dans des pays situ\u00e9s hors de l\u2019Union europ\u00e9enne pour y transf\u00e9rer des migrants d\u00e9bout\u00e9s de leur demande d\u2019asile. R\u00e9unis \u00e0 &hellip;<\/p>\n","protected":false},"author":2,"featured_media":23933,"comment_status":"open","ping_status":"open","sticky":false,"template":"","format":"standard","meta":{"footnotes":""},"categories":[18,29],"tags":[],"class_list":["post-23932","post","type-post","status-publish","format-standard","has-post-thumbnail","hentry","category-actualites","category-monde"],"_links":{"self":[{"href":"https:\/\/ladepeche.mr\/index.php?rest_route=\/wp\/v2\/posts\/23932","targetHints":{"allow":["GET"]}}],"collection":[{"href":"https:\/\/ladepeche.mr\/index.php?rest_route=\/wp\/v2\/posts"}],"about":[{"href":"https:\/\/ladepeche.mr\/index.php?rest_route=\/wp\/v2\/types\/post"}],"author":[{"embeddable":true,"href":"https:\/\/ladepeche.mr\/index.php?rest_route=\/wp\/v2\/users\/2"}],"replies":[{"embeddable":true,"href":"https:\/\/ladepeche.mr\/index.php?rest_route=%2Fwp%2Fv2%2Fcomments&post=23932"}],"version-history":[{"count":4,"href":"https:\/\/ladepeche.mr\/index.php?rest_route=\/wp\/v2\/posts\/23932\/revisions"}],"predecessor-version":[{"id":23937,"href":"https:\/\/ladepeche.mr\/index.php?rest_route=\/wp\/v2\/posts\/23932\/revisions\/23937"}],"wp:featuredmedia":[{"embeddable":true,"href":"https:\/\/ladepeche.mr\/index.php?rest_route=\/wp\/v2\/media\/23933"}],"wp:attachment":[{"href":"https:\/\/ladepeche.mr\/index.php?rest_route=%2Fwp%2Fv2%2Fmedia&parent=23932"}],"wp:term":[{"taxonomy":"category","embeddable":true,"href":"https:\/\/ladepeche.mr\/index.php?rest_route=%2Fwp%2Fv2%2Fcategories&post=23932"},{"taxonomy":"post_tag","embeddable":true,"href":"https:\/\/ladepeche.mr\/index.php?rest_route=%2Fwp%2Fv2%2Ftags&post=23932"}],"curies":[{"name":"wp","href":"https:\/\/api.w.org\/{rel}","templated":true}]}}