{"id":2399,"date":"2022-10-12T14:15:02","date_gmt":"2022-10-12T14:15:02","guid":{"rendered":"https:\/\/ladepeche.mr\/?p=2399"},"modified":"2022-10-12T14:15:34","modified_gmt":"2022-10-12T14:15:34","slug":"prevention-et-traitement-judiciaire-d-terrorisme-15-magistrats-de-mauritanie-du-niger-et-du-tchad-en-formation","status":"publish","type":"post","link":"https:\/\/ladepeche.mr\/?p=2399","title":{"rendered":"Pr\u00e9vention et traitement judiciaire du terrorisme : 15 magistrats de Mauritanie, du Niger et du Tchad en formation"},"content":{"rendered":"<p>Le G5 Sahel avec l\u2019appui technique de l&#8217;Organisation internationale de la Francophonie (OIF) a organis\u00e9 une formation au profit des magistrats et acteurs de justice sur le traitement judiciaire du terrorisme et au traitement des crimes li\u00e9s au terrorisme et \u00e0 l\u2019extr\u00e9misme violent.<br \/>\nLa formation a \u00e9t\u00e9 une opportunit\u00e9 de partager les exp\u00e9riences des pays membres du G5 Sahel en mati\u00e8re de pr\u00e9vention et de traitement judiciaire des cas li\u00e9s au terrorisme et \u00e0 l\u2019extr\u00e9misme violent et de promouvoir la coop\u00e9ration judiciaire entre les pays du G5 Sahel.<br \/>\nC\u2019est sur la base des besoins exprim\u00e9s par les magistrats lors de l\u2019\u00e9laboration des modules de la formation, que quinze magistrats venus de Mauritanie, du Niger et du Tchad, ont \u00e9chang\u00e9 sur les r\u00e9alit\u00e9s et les difficult\u00e9s crois\u00e9es dans l\u2019exercice de leur fonction.<br \/>\nCette session de formation rentre dans le cadre de coop\u00e9ration entre l\u2019Organisation Internationale de la Francophonie (OIF) et le Secr\u00e9tariat Ex\u00e9cutif du G5 Sahel. Ce cadre de coop\u00e9ration consign\u00e9 dans un MoU conclu le 6 d\u00e9cembre 2018 pr\u00e9voit la r\u00e9alisation conjointe par l\u2019OIF et le G5 Sahel de projets communs dans le domaine de la justice, des droits de l\u2019homme, de la bonne gouvernance, de la promotion du vivre ensemble et de la pr\u00e9vention de la radicalisation et de l\u2019extr\u00e9misme violent pouvant conduire au terrorisme.<br \/>\nSource : G5Sahel<br \/>\nTitre : La D\u00e9p\u00eache<\/p>\n","protected":false},"excerpt":{"rendered":"<p>Le G5 Sahel avec l\u2019appui technique de l&#8217;Organisation internationale de la Francophonie (OIF) a organis\u00e9 une formation au profit des magistrats et acteurs de justice sur le traitement judiciaire du terrorisme et au traitement des crimes li\u00e9s au terrorisme et \u00e0 l\u2019extr\u00e9misme violent. La formation a \u00e9t\u00e9 une opportunit\u00e9 de partager les exp\u00e9riences des pays &hellip;<\/p>\n","protected":false},"author":2,"featured_media":2400,"comment_status":"open","ping_status":"open","sticky":false,"template":"","format":"standard","meta":{"footnotes":""},"categories":[18,28],"tags":[],"class_list":["post-2399","post","type-post","status-publish","format-standard","has-post-thumbnail","hentry","category-actualites","category-sahel"],"_links":{"self":[{"href":"https:\/\/ladepeche.mr\/index.php?rest_route=\/wp\/v2\/posts\/2399","targetHints":{"allow":["GET"]}}],"collection":[{"href":"https:\/\/ladepeche.mr\/index.php?rest_route=\/wp\/v2\/posts"}],"about":[{"href":"https:\/\/ladepeche.mr\/index.php?rest_route=\/wp\/v2\/types\/post"}],"author":[{"embeddable":true,"href":"https:\/\/ladepeche.mr\/index.php?rest_route=\/wp\/v2\/users\/2"}],"replies":[{"embeddable":true,"href":"https:\/\/ladepeche.mr\/index.php?rest_route=%2Fwp%2Fv2%2Fcomments&post=2399"}],"version-history":[{"count":2,"href":"https:\/\/ladepeche.mr\/index.php?rest_route=\/wp\/v2\/posts\/2399\/revisions"}],"predecessor-version":[{"id":2402,"href":"https:\/\/ladepeche.mr\/index.php?rest_route=\/wp\/v2\/posts\/2399\/revisions\/2402"}],"wp:featuredmedia":[{"embeddable":true,"href":"https:\/\/ladepeche.mr\/index.php?rest_route=\/wp\/v2\/media\/2400"}],"wp:attachment":[{"href":"https:\/\/ladepeche.mr\/index.php?rest_route=%2Fwp%2Fv2%2Fmedia&parent=2399"}],"wp:term":[{"taxonomy":"category","embeddable":true,"href":"https:\/\/ladepeche.mr\/index.php?rest_route=%2Fwp%2Fv2%2Fcategories&post=2399"},{"taxonomy":"post_tag","embeddable":true,"href":"https:\/\/ladepeche.mr\/index.php?rest_route=%2Fwp%2Fv2%2Ftags&post=2399"}],"curies":[{"name":"wp","href":"https:\/\/api.w.org\/{rel}","templated":true}]}}