{"id":2403,"date":"2022-10-12T15:56:27","date_gmt":"2022-10-12T15:56:27","guid":{"rendered":"https:\/\/ladepeche.mr\/?p=2403"},"modified":"2022-10-12T15:56:27","modified_gmt":"2022-10-12T15:56:27","slug":"interdiction-du-sachet-plastique-la-persistance-de-la-vente-cache-t-elle-un-negoce-protege","status":"publish","type":"post","link":"https:\/\/ladepeche.mr\/?p=2403","title":{"rendered":"Interdiction du sachet plastique : La persistance de la vente cache-t-elle un n\u00e9goce prot\u00e9g\u00e9?"},"content":{"rendered":"<p>Sous la table, le boutiquier du coin offre encore un emballage cens\u00e9 prohib\u00e9 par la loi. Pourtant, six mois apr\u00e8s l\u2019adoption de la m\u00eame loi de 2012, tous les stocks devaient \u00eatre d\u00e9truits. Mais des ann\u00e9es apr\u00e8s le plastique est toujours dangereusement pr\u00e9sent.<\/p>\n<p>\u00ab Les importateurs, fabricants, distributeurs et utilisateurs qui d\u00e9tiennent des sacs et sachets en plastique souple en stocks ou en cours d\u2019importation, fabrication ou distribution disposent d\u2019un d\u00e9lai de six (6) mois, \u00e0 compter de l\u2019entr\u00e9e en vigueur du pr\u00e9sent d\u00e9cret, pour \u00e9couler leurs produits.  Au-del\u00e0 de cette date, les services comp\u00e9tents en charge du contr\u00f4le proc\u00e9deront \u00e0 l\u2019inspection et \u00e0 la saisie de tout produit tombant sous le coup des dispositions du pr\u00e9sent d\u00e9cret \u00bb. C\u2019\u00e9tait la version du d\u00e9cret n\u00b0 2012-157 du 21 juin 2012 portant interdiction de la fabrication, l\u2019importation, la commercialisation et l\u2019utilisation des sacs et sachets plastiques souples en Mauritanie.<br \/>\nLa Mauritanie fait partie des 34 pays sur 54 qui avaient adopt\u00e9 une loi interdisant les plastiques et l\u2019avaient mise en \u0153uvre, Une r\u00e9action sur le Continent qui a d\u00e9pass\u00e9 les attentes comparativement au reste du monde.<br \/>\nPourtant, il faut bien croire, au regard de la banalisation de son utilisation aujourd\u2019hui, que le plastique tient t\u00eate et \u00e0 la loi et \u00e0 son application. La grande question est de savoir comment d\u2019\u00e9normes quantit\u00e9s de plastique souple circulent dans le pays sans que cela n\u2019\u00e9veille le soup\u00e7on de ceux qui a priori ont la  force publique entre les mains pour prot\u00e9ger notre environnement ? Des stocks sont-ils rest\u00e9s intacts apr\u00e8s le d\u00e9lai l\u00e9gal ? Sert-on de d\u00e9potoir d\u2019autres stocks interdits dans d\u2019autres pays de la sous-r\u00e9gion ? Sur l\u2019\u00e9chiquier dress\u00e9 par Greenpeace \u00e0 l\u2019\u00e9poque, la Mauritanie \u00e9tait class\u00e9e 13\u00e8me. Pr\u00e9monitoire ?<br \/>\nPour l\u2019heure, il faut bien trouver une explication \u00e0 ce retour dangereux \u00e0 l\u2019usage du plastique sous nos cieux. Mais il faut surtout une application intransigeante de la loi qui pr\u00e9serve notre environnement de produits non biod\u00e9gradable et que les animaux  consomment sans mod\u00e9ration. <\/p>\n","protected":false},"excerpt":{"rendered":"<p>Sous la table, le boutiquier du coin offre encore un emballage cens\u00e9 prohib\u00e9 par la loi. Pourtant, six mois apr\u00e8s l\u2019adoption de la m\u00eame loi de 2012, tous les stocks devaient \u00eatre d\u00e9truits. Mais des ann\u00e9es apr\u00e8s le plastique est toujours dangereusement pr\u00e9sent. \u00ab Les importateurs, fabricants, distributeurs et utilisateurs qui d\u00e9tiennent des sacs et &hellip;<\/p>\n","protected":false},"author":2,"featured_media":2404,"comment_status":"open","ping_status":"open","sticky":false,"template":"","format":"standard","meta":{"footnotes":""},"categories":[18,2],"tags":[],"class_list":["post-2403","post","type-post","status-publish","format-standard","has-post-thumbnail","hentry","category-actualites","category-economie"],"_links":{"self":[{"href":"https:\/\/ladepeche.mr\/index.php?rest_route=\/wp\/v2\/posts\/2403","targetHints":{"allow":["GET"]}}],"collection":[{"href":"https:\/\/ladepeche.mr\/index.php?rest_route=\/wp\/v2\/posts"}],"about":[{"href":"https:\/\/ladepeche.mr\/index.php?rest_route=\/wp\/v2\/types\/post"}],"author":[{"embeddable":true,"href":"https:\/\/ladepeche.mr\/index.php?rest_route=\/wp\/v2\/users\/2"}],"replies":[{"embeddable":true,"href":"https:\/\/ladepeche.mr\/index.php?rest_route=%2Fwp%2Fv2%2Fcomments&post=2403"}],"version-history":[{"count":1,"href":"https:\/\/ladepeche.mr\/index.php?rest_route=\/wp\/v2\/posts\/2403\/revisions"}],"predecessor-version":[{"id":2405,"href":"https:\/\/ladepeche.mr\/index.php?rest_route=\/wp\/v2\/posts\/2403\/revisions\/2405"}],"wp:featuredmedia":[{"embeddable":true,"href":"https:\/\/ladepeche.mr\/index.php?rest_route=\/wp\/v2\/media\/2404"}],"wp:attachment":[{"href":"https:\/\/ladepeche.mr\/index.php?rest_route=%2Fwp%2Fv2%2Fmedia&parent=2403"}],"wp:term":[{"taxonomy":"category","embeddable":true,"href":"https:\/\/ladepeche.mr\/index.php?rest_route=%2Fwp%2Fv2%2Fcategories&post=2403"},{"taxonomy":"post_tag","embeddable":true,"href":"https:\/\/ladepeche.mr\/index.php?rest_route=%2Fwp%2Fv2%2Ftags&post=2403"}],"curies":[{"name":"wp","href":"https:\/\/api.w.org\/{rel}","templated":true}]}}