{"id":2406,"date":"2022-10-12T16:18:17","date_gmt":"2022-10-12T16:18:17","guid":{"rendered":"https:\/\/ladepeche.mr\/?p=2406"},"modified":"2022-10-12T16:18:17","modified_gmt":"2022-10-12T16:18:17","slug":"elections-anticipees-lufp-en-conclave-pour-preparer-les-futures-consultations","status":"publish","type":"post","link":"https:\/\/ladepeche.mr\/?p=2406","title":{"rendered":"Elections anticip\u00e9es : L\u2019UFP en conclave pour pr\u00e9parer les futures consultations"},"content":{"rendered":"<p>Le parti de l\u2019Union des Forces de Progr\u00e8s (UFP, Opposition) a organis\u00e9 un conclave de ses cadres \u00e0 son si\u00e8ge \u00e0 Nouakchott, apprend-on de source proche de cette formation.<br \/>\nOn indique de m\u00eame source que la r\u00e9union avait pour objet de r\u00e9fl\u00e9chir aux meilleurs moyens de mobiliser et sensibiliser les adh\u00e9rents et sympathisants du parti dans l\u2019\u00e9ventualit\u00e9 de l\u2019organisation des \u00e9lections g\u00e9n\u00e9rales anticip\u00e9es pr\u00e9vues en 2023.<br \/>\nLes avis et recommandations pris \u00e0 l\u2019issue de cette rencontre des cadres de l\u2019UFP devraient \u00eatre transmis ult\u00e9rieurement via des rencontres avec les sections du parti \u00e0 Nouakchott et dans les autres villes du pays. <\/p>\n","protected":false},"excerpt":{"rendered":"<p>Le parti de l\u2019Union des Forces de Progr\u00e8s (UFP, Opposition) a organis\u00e9 un conclave de ses cadres \u00e0 son si\u00e8ge \u00e0 Nouakchott, apprend-on de source proche de cette formation. On indique de m\u00eame source que la r\u00e9union avait pour objet de r\u00e9fl\u00e9chir aux meilleurs moyens de mobiliser et sensibiliser les adh\u00e9rents et sympathisants du parti &hellip;<\/p>\n","protected":false},"author":2,"featured_media":2407,"comment_status":"open","ping_status":"open","sticky":false,"template":"","format":"standard","meta":{"footnotes":""},"categories":[18],"tags":[],"class_list":["post-2406","post","type-post","status-publish","format-standard","has-post-thumbnail","hentry","category-actualites"],"_links":{"self":[{"href":"https:\/\/ladepeche.mr\/index.php?rest_route=\/wp\/v2\/posts\/2406","targetHints":{"allow":["GET"]}}],"collection":[{"href":"https:\/\/ladepeche.mr\/index.php?rest_route=\/wp\/v2\/posts"}],"about":[{"href":"https:\/\/ladepeche.mr\/index.php?rest_route=\/wp\/v2\/types\/post"}],"author":[{"embeddable":true,"href":"https:\/\/ladepeche.mr\/index.php?rest_route=\/wp\/v2\/users\/2"}],"replies":[{"embeddable":true,"href":"https:\/\/ladepeche.mr\/index.php?rest_route=%2Fwp%2Fv2%2Fcomments&post=2406"}],"version-history":[{"count":1,"href":"https:\/\/ladepeche.mr\/index.php?rest_route=\/wp\/v2\/posts\/2406\/revisions"}],"predecessor-version":[{"id":2408,"href":"https:\/\/ladepeche.mr\/index.php?rest_route=\/wp\/v2\/posts\/2406\/revisions\/2408"}],"wp:featuredmedia":[{"embeddable":true,"href":"https:\/\/ladepeche.mr\/index.php?rest_route=\/wp\/v2\/media\/2407"}],"wp:attachment":[{"href":"https:\/\/ladepeche.mr\/index.php?rest_route=%2Fwp%2Fv2%2Fmedia&parent=2406"}],"wp:term":[{"taxonomy":"category","embeddable":true,"href":"https:\/\/ladepeche.mr\/index.php?rest_route=%2Fwp%2Fv2%2Fcategories&post=2406"},{"taxonomy":"post_tag","embeddable":true,"href":"https:\/\/ladepeche.mr\/index.php?rest_route=%2Fwp%2Fv2%2Ftags&post=2406"}],"curies":[{"name":"wp","href":"https:\/\/api.w.org\/{rel}","templated":true}]}}