{"id":2412,"date":"2022-10-12T22:55:58","date_gmt":"2022-10-12T22:55:58","guid":{"rendered":"https:\/\/ladepeche.mr\/?p=2412"},"modified":"2022-10-13T09:04:26","modified_gmt":"2022-10-13T09:04:26","slug":"snim-qui-etouffe-quoi","status":"publish","type":"post","link":"https:\/\/ladepeche.mr\/?p=2412","title":{"rendered":"Snim: Qui \u00e9touffe quoi?"},"content":{"rendered":"<p>Une pol\u00e9mique fait rage au sujet d\u2019un important sinistre qui se serait d\u00e9clar\u00e9 mardi soir au niveau du convoyeur destin\u00e9 \u00e0 charger les bateaux min\u00e9raliers \u00e0 partir du culbuteur Snim  \u00e0 Nouadhibou, constate-t-on tient-On sur la toile.<br \/>\nUne affaire certaine pr\u00e9disent certains internautes contre un silence suspicieux de la soci\u00e9t\u00e9 qui n\u2019a jusqu\u2019ici apport\u00e9 aucun d\u00e9menti.<br \/>\nPour les tenants de la th\u00e8se de la survenance du sinistre, photos \u00e0 l\u2019appui, le feu se serait bien d\u00e9clar\u00e9 dans l\u2019entreprise alors que les services de secours de la Snim n\u2019auraient pas pu le ma\u00eetriser. Ils accusent les responsables de la soci\u00e9t\u00e9 de vouloir \u00ab\u00a0\u00ab\u00a0\u00ab\u00a0\u00e9touffer l\u2019affaire\u00a0\u00bb \u00e0 d\u00e9faut d\u2019avoir pu \u00e9touffer l\u2019incendie.<br \/>\nSelon eux, sla Snim aurait m\u00eame recouru \u00e0 l\u2019intervention de la protection civile pour \u00e9teindre le feu. Si l\u2019information se confirmait ce serait pour la premi\u00e8re fois de l\u2019histoire de l\u2019entreprise que la SNIM lance un S.O.S pour l\u2019aider \u00e0 \u00e9teindre un incendie.<br \/>\nL\u2019ann\u00e9e derni\u00e8re d\u00e9j\u00e0 se rappelle-t-on deux grands incendies avaient eu lieu dans les cribles du Guelbs 2  suite \u00e0 des \u00e9tincelles lors d\u2019activit\u00e9s de soudure men\u00e9es par des ouvriers non qualifi\u00e9s profitant d\u2019un favoritisme au profit de la soci\u00e9t\u00e9 les utilisant dans le cadre de contrat sur mesure.<br \/>\nUne autre grande interrogation fuse toujours sur la responsabilit\u00e9 des hommes aux commandes de l\u2019entreprise et de ses services quand on sait que lors des derni\u00e8res nominations aux postes sensibles de l\u2019entreprise les observateurs pointaient un n\u00e9potisme sans pr\u00e9c\u00e9dent qui pourrait justifier cet \u00e9tat de fait et le laisser-aller index\u00e9 au sein de la soci\u00e9t\u00e9.<\/p>\n","protected":false},"excerpt":{"rendered":"<p>Une pol\u00e9mique fait rage au sujet d\u2019un important sinistre qui se serait d\u00e9clar\u00e9 mardi soir au niveau du convoyeur destin\u00e9 \u00e0 charger les bateaux min\u00e9raliers \u00e0 partir du culbuteur Snim \u00e0 Nouadhibou, constate-t-on tient-On sur la toile. Une affaire certaine pr\u00e9disent certains internautes contre un silence suspicieux de la soci\u00e9t\u00e9 qui n\u2019a jusqu\u2019ici apport\u00e9 aucun &hellip;<\/p>\n","protected":false},"author":2,"featured_media":2414,"comment_status":"open","ping_status":"open","sticky":false,"template":"","format":"standard","meta":{"footnotes":""},"categories":[18,2],"tags":[],"class_list":["post-2412","post","type-post","status-publish","format-standard","has-post-thumbnail","hentry","category-actualites","category-economie"],"_links":{"self":[{"href":"https:\/\/ladepeche.mr\/index.php?rest_route=\/wp\/v2\/posts\/2412","targetHints":{"allow":["GET"]}}],"collection":[{"href":"https:\/\/ladepeche.mr\/index.php?rest_route=\/wp\/v2\/posts"}],"about":[{"href":"https:\/\/ladepeche.mr\/index.php?rest_route=\/wp\/v2\/types\/post"}],"author":[{"embeddable":true,"href":"https:\/\/ladepeche.mr\/index.php?rest_route=\/wp\/v2\/users\/2"}],"replies":[{"embeddable":true,"href":"https:\/\/ladepeche.mr\/index.php?rest_route=%2Fwp%2Fv2%2Fcomments&post=2412"}],"version-history":[{"count":4,"href":"https:\/\/ladepeche.mr\/index.php?rest_route=\/wp\/v2\/posts\/2412\/revisions"}],"predecessor-version":[{"id":2422,"href":"https:\/\/ladepeche.mr\/index.php?rest_route=\/wp\/v2\/posts\/2412\/revisions\/2422"}],"wp:featuredmedia":[{"embeddable":true,"href":"https:\/\/ladepeche.mr\/index.php?rest_route=\/wp\/v2\/media\/2414"}],"wp:attachment":[{"href":"https:\/\/ladepeche.mr\/index.php?rest_route=%2Fwp%2Fv2%2Fmedia&parent=2412"}],"wp:term":[{"taxonomy":"category","embeddable":true,"href":"https:\/\/ladepeche.mr\/index.php?rest_route=%2Fwp%2Fv2%2Fcategories&post=2412"},{"taxonomy":"post_tag","embeddable":true,"href":"https:\/\/ladepeche.mr\/index.php?rest_route=%2Fwp%2Fv2%2Ftags&post=2412"}],"curies":[{"name":"wp","href":"https:\/\/api.w.org\/{rel}","templated":true}]}}