{"id":2416,"date":"2022-10-12T23:00:42","date_gmt":"2022-10-12T23:00:42","guid":{"rendered":"https:\/\/ladepeche.mr\/?p=2416"},"modified":"2022-10-12T23:00:42","modified_gmt":"2022-10-12T23:00:42","slug":"communique-sanctionnant-la-visite-de-travail-et-damitie-du-president-de-la-republique-en-guinee-equatoriale","status":"publish","type":"post","link":"https:\/\/ladepeche.mr\/?p=2416","title":{"rendered":"Communiqu\u00e9 sanctionnant la visite de travail et d\u2019amiti\u00e9 du Pr\u00e9sident de la R\u00e9publique en Guin\u00e9e \u00e9quatoriale"},"content":{"rendered":"<p> Son Excellence le Pr\u00e9sident de la R\u00e9publique, M. Mohamed Ould Cheikh El Ghazouani et le Pr\u00e9sident de la Guin\u00e9e \u00e9quatoriale, SEM Theodoro Obiang Nguema Mbasogo, ont exprim\u00e9 leur satisfaction pour les pr\u00e9cieuses opportunit\u00e9s de coop\u00e9ration et d\u2019\u00e9changes entre les deux pays fr\u00e8res dans des secteurs porteurs et se sont mis d\u2019accord pour poursuivre les concertations \u00e0 diff\u00e9rents niveaux en vue de renforcer les relations de coop\u00e9ration bilat\u00e9rale pour servir les int\u00e9r\u00eats communs.<\/p>\n<p>Le communiqu\u00e9 sanctionnant la visite de travail et d\u2019amiti\u00e9 du Pr\u00e9sident de la R\u00e9publique en Guin\u00e9e \u00e9quatoriale fait \u00e9tat de ce que les deux Pr\u00e9sidents ont donn\u00e9 les instructions n\u00e9cessaires pour encourager les secteurs public et priv\u00e9 \u00e0 intensifier les \u00e9changes dans un esprit de partenariat constructif en particulier dans les domaines de la p\u00eache, de l\u2019agriculture, de l\u2019\u00e9nergie et de tout ce qui peut servir le d\u00e9veloppement \u00e9conomiques des deux pays et le bien- \u00eatre des deux peuples fr\u00e8res.<\/p>\n<p>Voici le texte int\u00e9gral de ce communiqu\u00e9 :<\/p>\n<p>\u00ab COMMUNIQUE CONJOINT<\/p>\n<p>A invitation de Son Excellence OBIANG NGUEMA MBASOGO, Pr\u00e9sident de la R\u00e9publique, Chef de l\u2019\u00c9tat et du Gouvernement de la R\u00e9publique de Guin\u00e9e \u00c9quatoriale, Son Excellence Monsieur MOHAMED OULD CHEIKH EL GHAZOUANI, Pr\u00e9sident de la R\u00e9publique Islamique de Mauritanie, a effectu\u00e9 une Visite d\u2019amiti\u00e9 et de travail en Guin\u00e9e \u00c9quatoriale, du 10 au 13 octobre 2022, \u00e0 la t\u00eate d\u2019une d\u00e9l\u00e9gation gouvernementale de haut niveau (liste en annexe)<\/p>\n<p>Son Excellence Monsieur MOHAMED OULD CHEIKH EL GHAZOUANI est venu \u00e9galement participer aux Festivit\u00e9s de comm\u00e9moration du 54eme Anniversaire de l\u2019Ind\u00e9pendance Nationale comme invit\u00e9 d\u2019Honneur de SEM OBIANG NGUEMA MBASOGO, Pr\u00e9sident de la R\u00e9publique, Chef de l\u2019\u00c9tat et du Gouvernement de la R\u00e9publique de Guin\u00e9e \u00e9quatoriale.<\/p>\n<p>A son arriv\u00e9e \u00e0 l\u2019a\u00e9roport international de Malabo, SEM MOHAMED OULD CHEIKH EL GHAZOUANI, a \u00e9t\u00e9 accueilli par une D\u00e9l\u00e9gation Gouvernementale de haut niveau et les membres du corps diplomatique et des organismes internationaux, conform\u00e9ment aux usages protocolaires et c\u00e9r\u00e9moniaux de la R\u00e9publique de Guin\u00e9e \u00c9quatoriale.<\/p>\n<p>Cette visite s\u2019inscrit dans le cadre des excellentes relations d\u2019amiti\u00e9, de fraternit\u00e9 et de coop\u00e9ration qui existent entre les deux pays et qui sont, constamment, renforc\u00e9es par la volont\u00e9 et l\u2019engagement imprim\u00e9s par les deux chefs d\u2019\u00c9tat.<\/p>\n<p>Les deux chefs d\u2019\u00c9tat ont eu des entretiens en t\u00eate-\u00e0-t\u00eate, \u00e9largis par la suite aux deux d\u00e9l\u00e9gations Les entretiens se sont d\u00e9roul\u00e9s dans un climat de fraternit\u00e9 et de compr\u00e9hension mutuelle et ont port\u00e9 sur l\u2019\u00e9tat de la coop\u00e9ration entre les deux pays, ainsi que l\u2019examen approfondi des voies et moyens pour sa diversification dans des secteurs d\u2019int\u00e9r\u00eat commun pour le b\u00e9n\u00e9fice des deux peuples fr\u00e8res.<\/p>\n<p>Les deux pr\u00e9sidents ont constat\u00e9 l\u2019identit\u00e9 de leurs points de vue sur les questions d\u2019actualit\u00e9 internationale et r\u00e9gionale et sur la n\u00e9cessit\u00e9 de promouvoir la coop\u00e9ration et la solidarit\u00e9 Sud-Sud.<\/p>\n<p>Le Pr\u00e9sident de la R\u00e9publique Islamique de Mauritanie a lou\u00e9 les efforts que la Guin\u00e9e \u00c9quatoriale d\u00e9ploie pour d\u00e9velopper une remarquable prosp\u00e9rit\u00e9 au niveau national et pour promouvoir l\u2019int\u00e9gration r\u00e9gionale et la solidarit\u00e9 au niveau continental. Le Pr\u00e9sident de la Guin\u00e9e \u00c9quatoriale, quant \u00e0 lui, a salu\u00e9 le r\u00f4le clef de la Mauritanie pour la s\u00e9curit\u00e9 r\u00e9gionale, notamment au Sahel et a vivement remerci\u00e9 son Fr\u00e8re et Ami son Excellence le Pr\u00e9sident de la R\u00e9publique Islamique de Mauritanie, pour l\u2019avoir honor\u00e9 par sa pr\u00e9sence \u00e0 la comm\u00e9moration de la f\u00eate d\u2019ind\u00e9pendance nationale.<\/p>\n<p>Les deux Pr\u00e9sidents ont constat\u00e9 avec satisfaction les pr\u00e9cieuses opportunit\u00e9s de coop\u00e9ration et d\u2019\u00e9change entre les deux pays fr\u00e8res dans des secteurs prometteurs. Ils se sont accord\u00e9s sur la poursuite de concertations entre les deux pays \u00e0 divers niveaux, afin de renforcer davantage des relations mutuellement b\u00e9n\u00e9fiques, dans les secteurs identifies \u00e0 l\u2019occasion de la pr\u00e9sente visite.<\/p>\n<p>Le Pr\u00e9sident de la Guin\u00e9e \u00c9quatoriale, quant \u00e0 lui, a salu\u00e9 le r\u00f4le clef de la Mauritanie pour la s\u00e9curit\u00e9 r\u00e9gionale, notamment au Sahel et a vivement remercie son Fr\u00e8re et Ami son Excellence le Pr\u00e9sident de la R\u00e9publique Islamique de Mauritanie, pour l\u2019avoir honor\u00e9 par sa pr\u00e9sence \u00e0 la comm\u00e9moration de la f\u00eate de l\u2019ind\u00e9pendance nationale.<\/p>\n<p>Les deux Pr\u00e9sidents ont constat\u00e9 avec satisfactions les pr\u00e9cieuses opportunit\u00e9s de coop\u00e9ration et d\u2019\u00e9change entre les deux pays fr\u00e8res dans des secteurs prometteurs.<\/p>\n<p>Ils se sont accord\u00e9s sur la poursuite des concertations entre les deux pays \u00e0 divers niveau, afin de renforcer davantage des relations mutuellement b\u00e9n\u00e9fiques, dans les secteurs identifi\u00e9s \u00e0 l\u2019occasion de la pr\u00e9sente visite.<\/p>\n<p>Les deux Gouvernements, par le biais de leurs Ministres des affaires \u00e9trang\u00e8res respectifs, ont proc\u00e9d\u00e9 \u00e0 la signature de l\u2019accord-cadre de coop\u00e9ration \u00e9conomique, commerciale, culturelle. Scientifique et technique entre les deux pays, d\u2019un m\u00e9morandum d\u2019entente sur des consultations diplomatiques, et d\u2019un accord d\u2019exemption r\u00e9ciproque de visas pour les titulaires de passeports diplomatiques et de service.<\/p>\n<p>Les deux chefs d\u2019\u00c9tat ont donn\u00e9 les instructions n\u00e9cessaires pour inciter les secteurs publics et priv\u00e9s des deux pays \u00e0 multiplier les \u00e9changes dans l\u2019esprit d\u2019un partenariat gagnant-gagnant notamment dans le secteur de la p\u00e8che, de l\u2019agriculture et de l\u2019\u00e9nergie, dans l\u2019int\u00e9r\u00eat du d\u00e9veloppement \u00e9conomique des deux pays et du bien-\u00eatre des deux peuples fr\u00e8res.<\/p>\n<p>Sur le plan r\u00e9gional et international, les deux chefs d\u2019\u00c9tat ont r\u00e9affirm\u00e9 leur volont\u00e9 de soutenir sans cesse les initiatives mondiales pour la pr\u00e9vention et le r\u00e8glement pacifique des conflits, pour le respect de la Charte des Nations Unies, du droit international et de l\u2019acte constitutif de l\u2019Union africaine, pour l\u2019ind\u00e9pendance et la souverainet\u00e9 des \u00c9tats, ainsi que pour la non-ing\u00e9rence dans les affaires int\u00e9rieures des autres \u00c9tats.<\/p>\n<p>Les deux Chefs d\u2019\u00c9tat ont \u00e9galement r\u00e9affirm\u00e9 leur engagement et leur soutien aux efforts des Nations Unies et de l\u2019union africaine dans leur lutte contre la crise \u00e9conomique mondiale actuelle, la crise humanitaire, le terrorisme, la piraterie en mer, le changement climatique, ainsi que toutes sortes de ph\u00e9nom\u00e8nes susceptibles de troubler la paix et la s\u00e9curit\u00e9 dans le monde en g\u00e9n\u00e9ral, et sur le continent africain en particulier,<\/p>\n<p>Les deux chefs d\u2019\u00c9tat ont fermement condamn\u00e9 les actes terroristes qui s\u00e9vissent dans le continent africain, tout en exprimant leur solidarit\u00e9 avec les victimes, et se sont engag\u00e9s \u00e0 combattre cette menace croissante \u00e0 la paix et \u00e0 la s\u00e9curit\u00e9.<\/p>\n<p>Au cours de son s\u00e9jour en Guin\u00e9e \u00c9quatoriale, le Pr\u00e9sident de la R\u00e9publique Islamique de Mauritanie a visit\u00e9 les hauts-lieux de la capitale Malabo.<\/p>\n<p>Les deux chefs d\u2019\u00c9tat se sont f\u00e9licit\u00e9s du climat de confiance et de solidarit\u00e9 qui a toujours caract\u00e9ris\u00e9 les relations d\u2019amiti\u00e9 et de coop\u00e9ration entre la Mauritanie et la Guin\u00e9e \u00c9quatoriale et se sont f\u00e9licit\u00e9s des r\u00e9solutions adopt\u00e9es lors des sommets de l\u2019Union Africaine tenus \u00e0 Malabo, les 27 et 28 mai 2022, sur la situation humanitaire, le terrorisme et les changements anticonstitutionnels de gouvernement dans le continent africain.<\/p>\n<p>Au terme de sa visite, SEM. MOHAMED OULD CHEIKH EL GHAZOUANI a exprim\u00e9 ses sinc\u00e8res remerciements et sa reconnaissance \u00e0 son Homologue et Fr\u00e8re, SEM. OBIANG NGUEMA MBASOGO, pour l\u2019accueil chaleureux, fraternel et la g\u00e9n\u00e9reuse hospitalit\u00e9 qui lui ont \u00e9t\u00e9 r\u00e9serv\u00e9s ainsi qu\u2019aux membres de sa d\u00e9l\u00e9gation lors de cette visite d\u2019amiti\u00e9 et de travail. Enfin, le Pr\u00e9sident de la R\u00e9publique Islamique de Mauritanie a invit\u00e9 son fr\u00e8re et ami le Pr\u00e9sident de la R\u00e9publique de Guin\u00e9e \u00e9quatoriale pour visiter la Mauritanie. Cette invitation a \u00e9t\u00e9 accept\u00e9e. La date de cette visite sera convenue par voie diplomatique.<\/p>\n<p>Fait \u00e0 Malabo, le 10 octobre 2022, en deux exemplaires, en langues arabe, espagnole et fran\u00e7aise, les trois textes faisant \u00e9galement foi.<\/p>\n<p>Pour le Gouvernement de la R\u00e9publique Islamique de Mauritanie<\/p>\n<p>SEM. Mohamed Salem Ould MERZOUG<\/p>\n<p>Ministre des Affaires \u00c9trang\u00e8res et de la Coop\u00e9ration et des Mauritaniens de l\u2019Ext\u00e9rieur<\/p>\n<p>Pour le Gouvernement de la R\u00e9publique de Guin\u00e9e \u00c9quatoriale<\/p>\n<p>SEM. Sime\u00f3n Oyono ESONO ANGU\u00c9<\/p>\n<p>Ministre des Affaires \u00c9trang\u00e8res, de la Coop\u00e9ration \u00bb<\/p>\n<p>Ami<\/p>\n","protected":false},"excerpt":{"rendered":"<p>Son Excellence le Pr\u00e9sident de la R\u00e9publique, M. Mohamed Ould Cheikh El Ghazouani et le Pr\u00e9sident de la Guin\u00e9e \u00e9quatoriale, SEM Theodoro Obiang Nguema Mbasogo, ont exprim\u00e9 leur satisfaction pour les pr\u00e9cieuses opportunit\u00e9s de coop\u00e9ration et d\u2019\u00e9changes entre les deux pays fr\u00e8res dans des secteurs porteurs et se sont mis d\u2019accord pour poursuivre les concertations &hellip;<\/p>\n","protected":false},"author":2,"featured_media":2418,"comment_status":"open","ping_status":"open","sticky":false,"template":"","format":"standard","meta":{"footnotes":""},"categories":[18,29],"tags":[],"class_list":["post-2416","post","type-post","status-publish","format-standard","has-post-thumbnail","hentry","category-actualites","category-monde"],"_links":{"self":[{"href":"https:\/\/ladepeche.mr\/index.php?rest_route=\/wp\/v2\/posts\/2416","targetHints":{"allow":["GET"]}}],"collection":[{"href":"https:\/\/ladepeche.mr\/index.php?rest_route=\/wp\/v2\/posts"}],"about":[{"href":"https:\/\/ladepeche.mr\/index.php?rest_route=\/wp\/v2\/types\/post"}],"author":[{"embeddable":true,"href":"https:\/\/ladepeche.mr\/index.php?rest_route=\/wp\/v2\/users\/2"}],"replies":[{"embeddable":true,"href":"https:\/\/ladepeche.mr\/index.php?rest_route=%2Fwp%2Fv2%2Fcomments&post=2416"}],"version-history":[{"count":1,"href":"https:\/\/ladepeche.mr\/index.php?rest_route=\/wp\/v2\/posts\/2416\/revisions"}],"predecessor-version":[{"id":2417,"href":"https:\/\/ladepeche.mr\/index.php?rest_route=\/wp\/v2\/posts\/2416\/revisions\/2417"}],"wp:featuredmedia":[{"embeddable":true,"href":"https:\/\/ladepeche.mr\/index.php?rest_route=\/wp\/v2\/media\/2418"}],"wp:attachment":[{"href":"https:\/\/ladepeche.mr\/index.php?rest_route=%2Fwp%2Fv2%2Fmedia&parent=2416"}],"wp:term":[{"taxonomy":"category","embeddable":true,"href":"https:\/\/ladepeche.mr\/index.php?rest_route=%2Fwp%2Fv2%2Fcategories&post=2416"},{"taxonomy":"post_tag","embeddable":true,"href":"https:\/\/ladepeche.mr\/index.php?rest_route=%2Fwp%2Fv2%2Ftags&post=2416"}],"curies":[{"name":"wp","href":"https:\/\/api.w.org\/{rel}","templated":true}]}}