{"id":2426,"date":"2022-10-13T13:57:35","date_gmt":"2022-10-13T13:57:35","guid":{"rendered":"https:\/\/ladepeche.mr\/?p=2426"},"modified":"2022-10-13T13:58:08","modified_gmt":"2022-10-13T13:58:08","slug":"le-ministre-de-lenergie-sur-france24-shell-et-totalenergies-pourraient-lancer-des-campagnes-de-forage-dans-les-mois-a-venir","status":"publish","type":"post","link":"https:\/\/ladepeche.mr\/?p=2426","title":{"rendered":"Le ministre de l\u2019\u00e9nergie: Shell et TotalEnergies  pourraient lancer des campagnes de forage, dans les mois \u00e0 venir"},"content":{"rendered":"<p>Le ministre mauritanien de l\u2019\u00e9nergie Abdessalam Ould Mohamed Saleh, a indiqu\u00e9 que Shell et Total sont dans la derni\u00e8re ligne droite du processus d\u2019exploration, ce qui les conduira probablement \u00e0 lancer des campagnes de forage, dans les mois \u00e0 venir.<br \/>\nIl a ajout\u00e9, dans une interview avec France 24, que le bassin c\u00f4tier mauritanien reste extr\u00eamement attractif et tr\u00e8s prometteur, selon les \u00e9tudes r\u00e9alis\u00e9es r\u00e9cemment au profit du secteur.<br \/>\nPour rappel, Shell avait lanc\u00e9 ses travaux d\u2019exploration dans le bassin c\u00f4tier mauritanien en 2018, en tant que la soci\u00e9t\u00e9 fran\u00e7aise TotalEnergies poss\u00e8de une longue exp\u00e9rience dans les deux bassins s\u00e9dimentaires en #Mauritanie.<br \/>\nM.E<\/p>\n","protected":false},"excerpt":{"rendered":"<p>Le ministre mauritanien de l\u2019\u00e9nergie Abdessalam Ould Mohamed Saleh, a indiqu\u00e9 que Shell et Total sont dans la derni\u00e8re ligne droite du processus d\u2019exploration, ce qui les conduira probablement \u00e0 lancer des campagnes de forage, dans les mois \u00e0 venir. Il a ajout\u00e9, dans une interview avec France 24, que le bassin c\u00f4tier mauritanien reste &hellip;<\/p>\n","protected":false},"author":2,"featured_media":2428,"comment_status":"open","ping_status":"open","sticky":false,"template":"","format":"standard","meta":{"footnotes":""},"categories":[18,2],"tags":[],"class_list":["post-2426","post","type-post","status-publish","format-standard","has-post-thumbnail","hentry","category-actualites","category-economie"],"_links":{"self":[{"href":"https:\/\/ladepeche.mr\/index.php?rest_route=\/wp\/v2\/posts\/2426","targetHints":{"allow":["GET"]}}],"collection":[{"href":"https:\/\/ladepeche.mr\/index.php?rest_route=\/wp\/v2\/posts"}],"about":[{"href":"https:\/\/ladepeche.mr\/index.php?rest_route=\/wp\/v2\/types\/post"}],"author":[{"embeddable":true,"href":"https:\/\/ladepeche.mr\/index.php?rest_route=\/wp\/v2\/users\/2"}],"replies":[{"embeddable":true,"href":"https:\/\/ladepeche.mr\/index.php?rest_route=%2Fwp%2Fv2%2Fcomments&post=2426"}],"version-history":[{"count":3,"href":"https:\/\/ladepeche.mr\/index.php?rest_route=\/wp\/v2\/posts\/2426\/revisions"}],"predecessor-version":[{"id":2430,"href":"https:\/\/ladepeche.mr\/index.php?rest_route=\/wp\/v2\/posts\/2426\/revisions\/2430"}],"wp:featuredmedia":[{"embeddable":true,"href":"https:\/\/ladepeche.mr\/index.php?rest_route=\/wp\/v2\/media\/2428"}],"wp:attachment":[{"href":"https:\/\/ladepeche.mr\/index.php?rest_route=%2Fwp%2Fv2%2Fmedia&parent=2426"}],"wp:term":[{"taxonomy":"category","embeddable":true,"href":"https:\/\/ladepeche.mr\/index.php?rest_route=%2Fwp%2Fv2%2Fcategories&post=2426"},{"taxonomy":"post_tag","embeddable":true,"href":"https:\/\/ladepeche.mr\/index.php?rest_route=%2Fwp%2Fv2%2Ftags&post=2426"}],"curies":[{"name":"wp","href":"https:\/\/api.w.org\/{rel}","templated":true}]}}