{"id":2431,"date":"2022-10-13T20:10:02","date_gmt":"2022-10-13T20:10:02","guid":{"rendered":"https:\/\/ladepeche.mr\/?p=2431"},"modified":"2022-10-13T20:11:01","modified_gmt":"2022-10-13T20:11:01","slug":"communique-du-conseil-des-ministres-du-jeudi-13-octobre-2022","status":"publish","type":"post","link":"https:\/\/ladepeche.mr\/?p=2431","title":{"rendered":"Gouvernement: Communiqu\u00e9 du Conseil des Ministres du Jeudi 13 octobre 2022"},"content":{"rendered":"<p>Le Conseil des Ministres s\u2019est r\u00e9uni le Jeudi 13 octobre 2022 sous la Pr\u00e9sidence de Son Excellence Monsieur le Pr\u00e9sident de la R\u00e9publique Mohamed Ould Cheikh El-Ghazouani.<\/p>\n<p>Le Conseil a examin\u00e9 et adopt\u00e9 les projets de d\u00e9crets suivants :<\/p>\n<p>-Projet de d\u00e9cret portant nomination du Pr\u00e9sident du Conseil d\u2019Administration de la Grande Mahadra Chinguittiya ;<\/p>\n<p>-Projet de d\u00e9cret portant restructuration de la Soci\u00e9t\u00e9 Mauritanienne d\u2019Electricit\u00e9 (SOMELEC).<\/p>\n<p>Le pr\u00e9sent projet de d\u00e9cret intervient pour d\u00e9grouper les activit\u00e9s du secteur exerc\u00e9es par SOMELEC, conform\u00e9ment aux principes de s\u00e9paration \u00e9dict\u00e9s par le code de l\u2019\u00e9lectricit\u00e9, et aux r\u00e8gles r\u00e9gissant les organismes de gouvernance et de r\u00e9gulation des march\u00e9s r\u00e9gionaux, auxquels notre pays adh\u00e8re.<\/p>\n<p>La r\u00e9alisation de ces objectifs, dont l\u2019acc\u00e8s universel de tous les mauritaniens \u00e0 l\u2019\u00e9lectricit\u00e9 \u00e0 des prix accessibles \u00e0 l\u2019horizon 2030, la diversification de l\u2019offre d\u2019\u00e9lectricit\u00e9, l\u2019am\u00e9lioration des performances publiques et le renforcement de la r\u00e9gulation sectorielle, passe par la viabilisation de l\u2019op\u00e9rateur historique (SOMELEC) et l\u2019am\u00e9lioration durable de ses performances.<\/p>\n<p>-Projet de d\u00e9cret portant nomination des membres du Conseil d\u2019Administration de la Soci\u00e9t\u00e9 Nationale d\u2019Am\u00e9nagement de Terrains, de D\u00e9veloppement de l\u2019Habitat et de Promotion et de Gestion Immobili\u00e8res (ISKAN).<\/p>\n<p>Le Ministre des Affaires Etrang\u00e8res, de la Coop\u00e9ration et des Mauritaniens de l\u2019Ext\u00e9rieur a pr\u00e9sent\u00e9 une communication relative \u00e0 la situation internationale.<\/p>\n<p>Le Ministre de la D\u00e9fense Nationale, Ministre de l\u2019Int\u00e9rieur et de la D\u00e9centralisation par Int\u00e9rim, a pr\u00e9sent\u00e9 une communication relative \u00e0 la situation int\u00e9rieure.<\/p>\n<p>Le Ministre des Affaires Islamiques et de l\u2019Enseignement Originel, Ministre de la Culture, de la Jeunesse, des Sports et des Relations avec le Parlement par Int\u00e9rim, a pr\u00e9sent\u00e9 une communication relative \u00e0 l\u2019adoption de Nouakchott comme \u00ab Capitale de la Culture Islamique \u00bb pour l\u2019ann\u00e9e 2023.<\/p>\n<p>Cette communication rappelle que l\u2019adoption du choix de Nouakchott comme capitale de la culture islamique par l\u2019Organisation Islamique pour l\u2019Education, les Sciences et la Culture \u00ab ISESCO \u00bb n\u2019\u00e9tait pas arbitraire, car l\u2019histoire de la Mauritanie et les services consentis par ses \u00e9minentes personnalit\u00e9s en faveur de la culture islamique, suffisent largement pour que cette capitale prenne les devants afin de b\u00e9n\u00e9ficier d\u2019un tel avantage.<\/p>\n<p>Le r\u00f4le historique de la Mauritanie qui a inlassablement port\u00e9 le flambeau pour l\u2019appel \u00e0 la religion islamique en Afrique sub-saharienne, en plus de sa contribution \u00e0 la diffusion du rite mal\u00e9kite, outre la justice et la mod\u00e9ration dont t\u00e9moignent les produits litt\u00e9raires et les multiples manuscrits diss\u00e9min\u00e9s diffus\u00e9s dans tout le pays, ont constitu\u00e9 autant de facteurs d\u00e9cisifs ayant conduit au choix de Nouakchott comme capitale de la culture islamique en 2023.<\/p>\n<p>Par ailleurs le Ministre de l\u2019Education Nationale et de la R\u00e9forme du Syst\u00e8me Educatif a fait le point sur le d\u00e9roulement de l\u2019ann\u00e9e scolaire et les mesures prises pour r\u00e9soudre les probl\u00e8mes rencontr\u00e9s.<\/p>\n<p>Dans ce cadre et en vue de concr\u00e9tiser l\u2019Ecole R\u00e9publicaine, SEM le Pr\u00e9sident de la R\u00e9publique, a donn\u00e9 des instructions portant, d\u2019une part, sur la mise en place d\u2019un Comit\u00e9 de suivi et d\u2019\u00e9valuation efficace du processus, et d\u2019autre part la d\u00e9finition des normes de la tenue scolaire.<\/p>\n<p>Il a, par ailleurs, rappel\u00e9 l\u2019importance d\u2019apprendre aux enfants les valeurs de la citoyennet\u00e9 au quotidien, \u00e0 travers le chant de l\u2019hymne national et le salut du drapeau, ce qui permettra un raffermissement continu de la coh\u00e9sion sociale.<\/p>\n<p>Les Ministres, de la Transformation Num\u00e9rique, de l\u2019Innovation et de la Modernisation l\u2019Administration et de l\u2019Agriculture ont pr\u00e9sent\u00e9, chacun en ce qui le concerne, une situation d\u00e9taill\u00e9e de l\u2019\u00e9tat d\u2019avancement des projets de d\u00e9veloppement relevant de son d\u00e9partement.<\/p>\n<p>Enfin, le Conseil a pris les mesures individuelles suivantes :<br \/>\nMinist\u00e8re de la Transformation Num\u00e9rique, de l\u2019Innovation et de la Modernisation l\u2019Administration<\/p>\n<p>Cabinet du Ministre<\/p>\n<p>Charg\u00e9 de Mission : Mohamed Ould BATI Ould LEMRABOTT, titulaire d\u2019une Licence en Economie, pr\u00e9c\u00e9demment membre du Conseil National de l\u2019Autorit\u00e9 de R\u00e9gulation Multisectorielle.<\/p>\n<p>Minist\u00e8re de l\u2019Action Sociale de l\u2019Enfance et de la Famille<\/p>\n<p>Cabinet du Ministre<\/p>\n<p>Charg\u00e9s de Mission :<\/p>\n<p>\u2013 Sidi Bekaye, pr\u00e9c\u00e9demment Secr\u00e9taire G\u00e9n\u00e9ral du Conseil r\u00e9gional de Guidimagha<\/p>\n<p>\u2013 Oumgoufa Amenech, pr\u00e9c\u00e9demment Directrice R\u00e9gionale de l\u2019Action Sociale NKTT Ouest<\/p>\n<p>Conseiller Technique charg\u00e9 des Affaires Juridiques : Moustafa Sid\u2019Ahmed BAH, titulaire d\u2019un Doctorat en droit public, pr\u00e9c\u00e9demment Chef de service \u00e0 la Direction G\u00e9n\u00e9rale de la L\u00e9gislation, de la Traduction et de l\u2019Edition du Journal Officiel au Secr\u00e9tariat General du Gouvernement.<\/p>\n<p>Conseill\u00e8re Technique charg\u00e9e de la Communication : Zeinebou Ahmed Taleb, Titulaire d\u2019un DEA, pr\u00e9c\u00e9demment Coordinatrice r\u00e9gionale au Tiris Zemmour.<\/p>\n<p>Conseill\u00e8re Technique charg\u00e9e du Genre : Oumkelthoum Hamdinou, titulaire d\u2019un DESA en femme et d\u00e9veloppement, pr\u00e9c\u00e9demment charg\u00e9e d\u2019information et orientation au MASEF.<\/p>\n<p>Administration Centrale<\/p>\n<p>Direction de l\u2019Action Sociale et de la Solidarit\u00e9 Nationale (DASSN)<\/p>\n<p>Directeur : Mohamed Bedde, pr\u00e9c\u00e9demment Conseiller Technique charg\u00e9 du Genre<\/p>\n<p>Directrice Adjointe : Mbarka Abdeljelil, pr\u00e9c\u00e9demment Directrice Adjointe de l\u2019Ecole Nationale de l\u2019Action Sociale.<\/p>\n<p>Direction de l\u2019Enfance<\/p>\n<p>Directrice Adjointe : Zeinebou sidi Salem, pr\u00e9c\u00e9demment Chef de service politique de l\u2019enfance.<\/p>\n<p>Etablissements Publics<\/p>\n<p>Ecole Nationale de l\u2019Action Sociale<\/p>\n<p>Directrice Adjointe : Oum Elvadli Camara, pr\u00e9c\u00e9demment Chef du D\u00e9partement des Affaires P\u00e9dagogique et Acad\u00e9miques.<br \/>\nAmi<\/p>\n","protected":false},"excerpt":{"rendered":"<p>Le Conseil des Ministres s\u2019est r\u00e9uni le Jeudi 13 octobre 2022 sous la Pr\u00e9sidence de Son Excellence Monsieur le Pr\u00e9sident de la R\u00e9publique Mohamed Ould Cheikh El-Ghazouani. Le Conseil a examin\u00e9 et adopt\u00e9 les projets de d\u00e9crets suivants : -Projet de d\u00e9cret portant nomination du Pr\u00e9sident du Conseil d\u2019Administration de la Grande Mahadra Chinguittiya ; &hellip;<\/p>\n","protected":false},"author":2,"featured_media":1676,"comment_status":"open","ping_status":"open","sticky":false,"template":"","format":"standard","meta":{"footnotes":""},"categories":[18],"tags":[],"class_list":["post-2431","post","type-post","status-publish","format-standard","has-post-thumbnail","hentry","category-actualites"],"_links":{"self":[{"href":"https:\/\/ladepeche.mr\/index.php?rest_route=\/wp\/v2\/posts\/2431","targetHints":{"allow":["GET"]}}],"collection":[{"href":"https:\/\/ladepeche.mr\/index.php?rest_route=\/wp\/v2\/posts"}],"about":[{"href":"https:\/\/ladepeche.mr\/index.php?rest_route=\/wp\/v2\/types\/post"}],"author":[{"embeddable":true,"href":"https:\/\/ladepeche.mr\/index.php?rest_route=\/wp\/v2\/users\/2"}],"replies":[{"embeddable":true,"href":"https:\/\/ladepeche.mr\/index.php?rest_route=%2Fwp%2Fv2%2Fcomments&post=2431"}],"version-history":[{"count":3,"href":"https:\/\/ladepeche.mr\/index.php?rest_route=\/wp\/v2\/posts\/2431\/revisions"}],"predecessor-version":[{"id":2434,"href":"https:\/\/ladepeche.mr\/index.php?rest_route=\/wp\/v2\/posts\/2431\/revisions\/2434"}],"wp:featuredmedia":[{"embeddable":true,"href":"https:\/\/ladepeche.mr\/index.php?rest_route=\/wp\/v2\/media\/1676"}],"wp:attachment":[{"href":"https:\/\/ladepeche.mr\/index.php?rest_route=%2Fwp%2Fv2%2Fmedia&parent=2431"}],"wp:term":[{"taxonomy":"category","embeddable":true,"href":"https:\/\/ladepeche.mr\/index.php?rest_route=%2Fwp%2Fv2%2Fcategories&post=2431"},{"taxonomy":"post_tag","embeddable":true,"href":"https:\/\/ladepeche.mr\/index.php?rest_route=%2Fwp%2Fv2%2Ftags&post=2431"}],"curies":[{"name":"wp","href":"https:\/\/api.w.org\/{rel}","templated":true}]}}