{"id":2444,"date":"2022-10-14T22:18:46","date_gmt":"2022-10-14T22:18:46","guid":{"rendered":"https:\/\/ladepeche.mr\/?p=2444"},"modified":"2022-10-14T22:18:46","modified_gmt":"2022-10-14T22:18:46","slug":"le-president-de-la-republique-recoit-le-rapport-annuel-de-la-commission-nationale-des-droits-de-lhomme","status":"publish","type":"post","link":"https:\/\/ladepeche.mr\/?p=2444","title":{"rendered":"Le Pr\u00e9sident de la R\u00e9publique re\u00e7oit le rapport annuel de la Commission nationale des Droits de l\u2019Homme"},"content":{"rendered":"<p>Son Excellence le Pr\u00e9sident de la R\u00e9publique, M. Mohamed Ould Cheikh El Ghazouani, a re\u00e7u le rapport annuel de la Commission nationale des Droits de l\u2019Homme sur la situation des droits de l\u2019homme en Mauritanie au cours des ann\u00e9es 2021 et 2022.<\/p>\n<p>La remise de ce rapport a eu lieu lors d\u2019une r\u00e9ception que Son Excellence le Pr\u00e9sident de la R\u00e9publique a accord\u00e9e, vendredi, au palais pr\u00e9sidentiel \u00e0 Nouakchott, au Pr\u00e9sident du Comit\u00e9 national des droits de l\u2019homme, M. Ahmed Salem Ould Bouhoubeini.<\/p>\n<p>Dans une d\u00e9claration \u00e0 l\u2019Agence mauritanienne d\u2019Information \u00e0 l\u2019issue de l\u2019entrevue, le pr\u00e9sident du Comit\u00e9 national des droits de l\u2019homme a d\u00e9clar\u00e9 avoir rencontr\u00e9 le pr\u00e9sident de la R\u00e9publique, M. Mohamed Ould Cheikh El Ghazouani, auquel il a remis le rapport du Comit\u00e9 national des droits de l\u2019homme pour les ann\u00e9es 2021 et 2022.<\/p>\n<p>Il a d\u00e9clar\u00e9 que le rapport du comit\u00e9 au cours de ces deux ann\u00e9es s\u2019\u00e9tait principalement concentr\u00e9 sur les questions de justice, de changement climatique, de pand\u00e9mie de COVID-19 et d\u2019\u00e9lections dans le domaine des droits de l\u2019homme.<\/p>\n<p>Il s\u2019est f\u00e9licit\u00e9 du soutien du pr\u00e9sident aux efforts entrepris par le Comit\u00e9 national des droits de l\u2019homme pour promouvoir et prot\u00e9ger les droits de l\u2019homme dans le pays.<\/p>\n<p>Il a soulign\u00e9 que ce soutien encourage la Commission \u00e0 poursuivre ses efforts pour prot\u00e9ger et promouvoir les droits de l\u2019homme.<br \/>\nAmi<\/p>\n","protected":false},"excerpt":{"rendered":"<p>Son Excellence le Pr\u00e9sident de la R\u00e9publique, M. Mohamed Ould Cheikh El Ghazouani, a re\u00e7u le rapport annuel de la Commission nationale des Droits de l\u2019Homme sur la situation des droits de l\u2019homme en Mauritanie au cours des ann\u00e9es 2021 et 2022. La remise de ce rapport a eu lieu lors d\u2019une r\u00e9ception que Son &hellip;<\/p>\n","protected":false},"author":2,"featured_media":2445,"comment_status":"open","ping_status":"open","sticky":false,"template":"","format":"standard","meta":{"footnotes":""},"categories":[18],"tags":[],"class_list":["post-2444","post","type-post","status-publish","format-standard","has-post-thumbnail","hentry","category-actualites"],"_links":{"self":[{"href":"https:\/\/ladepeche.mr\/index.php?rest_route=\/wp\/v2\/posts\/2444","targetHints":{"allow":["GET"]}}],"collection":[{"href":"https:\/\/ladepeche.mr\/index.php?rest_route=\/wp\/v2\/posts"}],"about":[{"href":"https:\/\/ladepeche.mr\/index.php?rest_route=\/wp\/v2\/types\/post"}],"author":[{"embeddable":true,"href":"https:\/\/ladepeche.mr\/index.php?rest_route=\/wp\/v2\/users\/2"}],"replies":[{"embeddable":true,"href":"https:\/\/ladepeche.mr\/index.php?rest_route=%2Fwp%2Fv2%2Fcomments&post=2444"}],"version-history":[{"count":1,"href":"https:\/\/ladepeche.mr\/index.php?rest_route=\/wp\/v2\/posts\/2444\/revisions"}],"predecessor-version":[{"id":2446,"href":"https:\/\/ladepeche.mr\/index.php?rest_route=\/wp\/v2\/posts\/2444\/revisions\/2446"}],"wp:featuredmedia":[{"embeddable":true,"href":"https:\/\/ladepeche.mr\/index.php?rest_route=\/wp\/v2\/media\/2445"}],"wp:attachment":[{"href":"https:\/\/ladepeche.mr\/index.php?rest_route=%2Fwp%2Fv2%2Fmedia&parent=2444"}],"wp:term":[{"taxonomy":"category","embeddable":true,"href":"https:\/\/ladepeche.mr\/index.php?rest_route=%2Fwp%2Fv2%2Fcategories&post=2444"},{"taxonomy":"post_tag","embeddable":true,"href":"https:\/\/ladepeche.mr\/index.php?rest_route=%2Fwp%2Fv2%2Ftags&post=2444"}],"curies":[{"name":"wp","href":"https:\/\/api.w.org\/{rel}","templated":true}]}}