{"id":2447,"date":"2022-10-14T22:23:00","date_gmt":"2022-10-14T22:23:00","guid":{"rendered":"https:\/\/ladepeche.mr\/?p=2447"},"modified":"2022-10-14T22:23:39","modified_gmt":"2022-10-14T22:23:39","slug":"2447","status":"publish","type":"post","link":"https:\/\/ladepeche.mr\/?p=2447","title":{"rendered":"La Mauritanie et la France discutent des efforts visant \u00e0 garantir la stabilit\u00e9 dans la r\u00e9gion du Sahel."},"content":{"rendered":"<p>La Mauritanie et la France discutent des efforts visant \u00e0 garantir la stabilit\u00e9 dans la r\u00e9gion du Sahel. Lors d\u2019un entretien t\u00e9l\u00e9phonique entre les ministres des Affaires \u00e9trang\u00e8res des deux pays, selon l&#8217;Agence mauritanienne d\u2019information.<br \/>\nLa Mauritanie et la France ont discut\u00e9, jeudi, des efforts visant \u00e0 garantir la stabilit\u00e9 dans la r\u00e9gion du Sahel, en proie \u00e0 l\u2019instabilit\u00e9 et \u00e0 l\u2019ins\u00e9curit\u00e9 depuis des ann\u00e9es.<\/p>\n<p>C\u2019est ce qui ressort de l\u2019entretien t\u00e9l\u00e9phonique entre le ministre mauritanien des Affaires \u00e9trang\u00e8res Mohamed Salem Ould Merzoug et son homologue fran\u00e7aise Catherine Colonna, rapporte l&#8217;Agence mauritanienne d\u2019information (AMI, officielle).<\/p>\n<p>Selon la m\u00eame source, les deux parties ont \u00e9galement examin\u00e9 lors de cet appel t\u00e9l\u00e9phonique, \u00ab les moyens de renforcer les relations de coop\u00e9ration bilat\u00e9rale entre Nouakchott et Paris \u00bb.<\/p>\n<p>\u00ab Avec mon homologue mauritanien, Mohamed Salem Ould Merzoug, nous avons parl\u00e9 de fa\u00e7on approfondie de notre coop\u00e9ration bilat\u00e9rale, ainsi que de notre appui r\u00e9solu aux efforts r\u00e9gionaux pour la stabilit\u00e9 du Sahel \u00bb, a \u00e9crit Colonna sur son compte Twitter.<\/p>\n<p>La r\u00e9gion ouest-africaine du Sahel couvre la Mauritanie, le Mali, le Burkina Faso, le Tchad et le Niger. Ces pays ont cr\u00e9\u00e9 en 2014 un cadre institutionnel de coop\u00e9ration et de coordination sous le nom de \u00ab G5 Sahel \u00bb.<\/p>\n<p>Ces derniers mois, l\u2019influence fran\u00e7aise au Mali a diminu\u00e9, notamment apr\u00e8s la d\u00e9cision prise au mois de mai par les autorit\u00e9s de Bamako de rompre les accords de d\u00e9fense avec la France et ses partenaires europ\u00e9ens.<\/p>\n<p>Le 15 ao\u00fbt, le dernier soldat fran\u00e7ais de \u00ab l\u2019op\u00e9ration Barkhane \u00bb a quitt\u00e9 le Mali. Paris a mis ainsi fin \u00e0 neuf ans de pr\u00e9sence militaire visant \u00e0 \u00ab combattre le terrorisme dans la r\u00e9gion du Sahel \u00bb.<\/p>\n<p>La France avait lanc\u00e9 \u00ab l&#8217;op\u00e9ration Barkhane \u00bb en 2014, pour lutter contre les groupes arm\u00e9s dans les pays du Sahel.<\/p>\n<p>L\u2019influence fran\u00e7aise dans la r\u00e9gion du Sahel s\u2019est d\u00e9class\u00e9e au profit de la Russie qui reprend pied en Afrique, notamment au Mali. Moscou a livr\u00e9 \u00e0 Bamako des \u00e9quipements militaires dont des avions de chasse et de reconnaissance, ainsi que des h\u00e9licopt\u00e8res d\u2019attaque.<br \/>\nhttps:\/\/www.aa.com.tr\/<\/p>\n","protected":false},"excerpt":{"rendered":"<p>La Mauritanie et la France discutent des efforts visant \u00e0 garantir la stabilit\u00e9 dans la r\u00e9gion du Sahel. Lors d\u2019un entretien t\u00e9l\u00e9phonique entre les ministres des Affaires \u00e9trang\u00e8res des deux pays, selon l&#8217;Agence mauritanienne d\u2019information. La Mauritanie et la France ont discut\u00e9, jeudi, des efforts visant \u00e0 garantir la stabilit\u00e9 dans la r\u00e9gion du Sahel, &hellip;<\/p>\n","protected":false},"author":2,"featured_media":0,"comment_status":"open","ping_status":"open","sticky":false,"template":"","format":"standard","meta":{"footnotes":""},"categories":[28],"tags":[],"class_list":["post-2447","post","type-post","status-publish","format-standard","hentry","category-sahel"],"_links":{"self":[{"href":"https:\/\/ladepeche.mr\/index.php?rest_route=\/wp\/v2\/posts\/2447","targetHints":{"allow":["GET"]}}],"collection":[{"href":"https:\/\/ladepeche.mr\/index.php?rest_route=\/wp\/v2\/posts"}],"about":[{"href":"https:\/\/ladepeche.mr\/index.php?rest_route=\/wp\/v2\/types\/post"}],"author":[{"embeddable":true,"href":"https:\/\/ladepeche.mr\/index.php?rest_route=\/wp\/v2\/users\/2"}],"replies":[{"embeddable":true,"href":"https:\/\/ladepeche.mr\/index.php?rest_route=%2Fwp%2Fv2%2Fcomments&post=2447"}],"version-history":[{"count":2,"href":"https:\/\/ladepeche.mr\/index.php?rest_route=\/wp\/v2\/posts\/2447\/revisions"}],"predecessor-version":[{"id":2449,"href":"https:\/\/ladepeche.mr\/index.php?rest_route=\/wp\/v2\/posts\/2447\/revisions\/2449"}],"wp:attachment":[{"href":"https:\/\/ladepeche.mr\/index.php?rest_route=%2Fwp%2Fv2%2Fmedia&parent=2447"}],"wp:term":[{"taxonomy":"category","embeddable":true,"href":"https:\/\/ladepeche.mr\/index.php?rest_route=%2Fwp%2Fv2%2Fcategories&post=2447"},{"taxonomy":"post_tag","embeddable":true,"href":"https:\/\/ladepeche.mr\/index.php?rest_route=%2Fwp%2Fv2%2Ftags&post=2447"}],"curies":[{"name":"wp","href":"https:\/\/api.w.org\/{rel}","templated":true}]}}