{"id":2452,"date":"2022-10-14T22:26:58","date_gmt":"2022-10-14T22:26:58","guid":{"rendered":"https:\/\/ladepeche.mr\/?p=2452"},"modified":"2022-10-14T22:26:58","modified_gmt":"2022-10-14T22:26:58","slug":"la-mauritanie-salue-laccord-des-factions-palestiniennes","status":"publish","type":"post","link":"https:\/\/ladepeche.mr\/?p=2452","title":{"rendered":"La Mauritanie salue l\u2019accord des factions palestiniennes"},"content":{"rendered":"<p>La R\u00e9publique islamique de Mauritanie a salu\u00e9 la signature d\u2019un accord de r\u00e9conciliation par les factions palestiniennes sous les auspices de la R\u00e9publique alg\u00e9rienne d\u00e9mocratique et populaire.<\/p>\n<p>Le minist\u00e8re des Affaires \u00e9trang\u00e8res, de la Coop\u00e9ration et des Mauritaniens de l\u2019\u00e9tranger, a f\u00e9licit\u00e9, dans un communiqu\u00e9 publi\u00e9 vendredi et dont l\u2019Agence Mauritanienne d\u2019Information a re\u00e7u copie, la R\u00e9publique alg\u00e9rienne d\u00e9mocratique et populaire soeur pour ce succ\u00e8s historique, obtenu gr\u00e2ce aux formidables efforts d\u00e9ploy\u00e9s par Son Excellence le Pr\u00e9sident Abdelmadjid Tebboune en vue de r\u00e9aliser la r\u00e9conciliation des factions palestiniennes.<\/p>\n<p>Voici le texte int\u00e9gral du communiqu\u00e9 du minist\u00e8re des Affaires \u00e9trang\u00e8res, de la Coop\u00e9ration et des Mauritaniens de l\u2019ext\u00e9rieur :<\/p>\n<p>\u00ab La R\u00e9publique islamique de Mauritanie a accueilli avec une grande satisfaction la signature, jeudi 13 octobre 2022, de l\u2019accord de r\u00e9conciliation entre les factions palestiniennes sous l\u2019\u00e9gide de la R\u00e9publique alg\u00e9rienne d\u00e9mocratique et populaire.<\/p>\n<p>A cette heureuse occasion, le gouvernement mauritanien f\u00e9licite la R\u00e9publique alg\u00e9rienne s\u0153ur pour ce succ\u00e8s historique, qui a \u00e9t\u00e9 obtenu gr\u00e2ce aux efforts inlassables d\u00e9ploy\u00e9s par Son Excellence le Pr\u00e9sident Abdelmadjid Tebboune pour surmonter toutes les difficult\u00e9s qui se dressaient sur la voie de l\u2019unit\u00e9 palestinienne.<\/p>\n<p>Le gouvernement mauritanien f\u00e9licite \u00e9galement les fr\u00e8res palestiniens pour avoir r\u00e9pondu \u00e0 l\u2019appel de l\u2019int\u00e9r\u00eat commun palestinien, adopt\u00e9 le langage du dialogue et de la concertation pour r\u00e9soudre les diff\u00e9rends, et consacr\u00e9 le principe du partenariat politique entre les diff\u00e9rentes forces nationales palestiniennes, soulignant que la r\u00e9alisation de l\u2019unit\u00e9 nationale palestinienne est le seul moyen d\u2019atteindre les objectifs l\u00e9gitimes du peuple palestinien et l\u2019\u00e9tablissement de son \u00c9tat ind\u00e9pendant avec, pour capitale, El Qods Al Cherif\u00bb.<br \/>\nAgence Mauritanienne d&#8217;Information<\/p>\n","protected":false},"excerpt":{"rendered":"<p>La R\u00e9publique islamique de Mauritanie a salu\u00e9 la signature d\u2019un accord de r\u00e9conciliation par les factions palestiniennes sous les auspices de la R\u00e9publique alg\u00e9rienne d\u00e9mocratique et populaire. Le minist\u00e8re des Affaires \u00e9trang\u00e8res, de la Coop\u00e9ration et des Mauritaniens de l\u2019\u00e9tranger, a f\u00e9licit\u00e9, dans un communiqu\u00e9 publi\u00e9 vendredi et dont l\u2019Agence Mauritanienne d\u2019Information a re\u00e7u copie, &hellip;<\/p>\n","protected":false},"author":2,"featured_media":0,"comment_status":"open","ping_status":"open","sticky":false,"template":"","format":"standard","meta":{"footnotes":""},"categories":[18,29],"tags":[],"class_list":["post-2452","post","type-post","status-publish","format-standard","hentry","category-actualites","category-monde"],"_links":{"self":[{"href":"https:\/\/ladepeche.mr\/index.php?rest_route=\/wp\/v2\/posts\/2452","targetHints":{"allow":["GET"]}}],"collection":[{"href":"https:\/\/ladepeche.mr\/index.php?rest_route=\/wp\/v2\/posts"}],"about":[{"href":"https:\/\/ladepeche.mr\/index.php?rest_route=\/wp\/v2\/types\/post"}],"author":[{"embeddable":true,"href":"https:\/\/ladepeche.mr\/index.php?rest_route=\/wp\/v2\/users\/2"}],"replies":[{"embeddable":true,"href":"https:\/\/ladepeche.mr\/index.php?rest_route=%2Fwp%2Fv2%2Fcomments&post=2452"}],"version-history":[{"count":1,"href":"https:\/\/ladepeche.mr\/index.php?rest_route=\/wp\/v2\/posts\/2452\/revisions"}],"predecessor-version":[{"id":2453,"href":"https:\/\/ladepeche.mr\/index.php?rest_route=\/wp\/v2\/posts\/2452\/revisions\/2453"}],"wp:attachment":[{"href":"https:\/\/ladepeche.mr\/index.php?rest_route=%2Fwp%2Fv2%2Fmedia&parent=2452"}],"wp:term":[{"taxonomy":"category","embeddable":true,"href":"https:\/\/ladepeche.mr\/index.php?rest_route=%2Fwp%2Fv2%2Fcategories&post=2452"},{"taxonomy":"post_tag","embeddable":true,"href":"https:\/\/ladepeche.mr\/index.php?rest_route=%2Fwp%2Fv2%2Ftags&post=2452"}],"curies":[{"name":"wp","href":"https:\/\/api.w.org\/{rel}","templated":true}]}}