{"id":2454,"date":"2022-10-15T01:11:02","date_gmt":"2022-10-15T01:11:02","guid":{"rendered":"https:\/\/ladepeche.mr\/?p=2454"},"modified":"2022-10-15T01:11:02","modified_gmt":"2022-10-15T01:11:02","slug":"communique-reunion-du-comite-executif-de-la-ffrim","status":"publish","type":"post","link":"https:\/\/ladepeche.mr\/?p=2454","title":{"rendered":"Communiqu\u00e9 : r\u00e9union du Comit\u00e9 Ex\u00e9cutif de la FFRIM"},"content":{"rendered":"<p>Le Comit\u00e9 Ex\u00e9cutif de la FFRIM s\u2019est r\u00e9uni ce jeudi 13 octobre, sous la pr\u00e9sidence de M. Ahmed Yahya, Pr\u00e9sident de la F\u00e9d\u00e9ration.<\/p>\n<p>Au cours de cette session, le Comit\u00e9 Ex\u00e9cutif a examin\u00e9 un certain nombre de points ayant trait aux \u00e9quipes nationales de petites cat\u00e9gories et au d\u00e9marrage de la nouvelle saison sportive, notamment.<\/p>\n<p>1 \u2013 Les \u00e9quipes nationales :<\/p>\n<p>Apr\u00e8s une analyse approfondie des r\u00e9sultats obtenus par les s\u00e9lections nationales des moins de 23 ans, moins de 20 ans, moins de 17 ans et moins de 15 ans, tenant compte des efforts consentis et dispositions prises par la F\u00e9d\u00e9ration, afin de mettre les staffs techniques desdites s\u00e9lections dans les meilleures conditions de travail possibles et au regard des r\u00e9sultats enregistr\u00e9s par lesdites \u00e9quipes nationales, le Comit\u00e9 Ex\u00e9cutif de la FFRIM a pris les mesures suivantes :<\/p>\n<p>&#8211; Mettre fin aux fonctions des staffs techniques des s\u00e9lections de moins de 23 ans, moins de 17 ans et moins de 15 ans, tout en les remerciant pour les efforts fournis durant la dur\u00e9e de leurs missions respectives.<\/p>\n<p>&#8211; Confier \u00e0 la Direction Technique Nationale la t\u00e2che de dresser un bilan de la situation de ces s\u00e9lections et lancer un appel \u00e0 candidatures afin de proposer, dans un avenir proche, de nouveaux encadrements techniques pour ces \u00e9quipes nationales.<\/p>\n<p>2 \u2013 Au sujet du d\u00e9marrage de la nouvelle saison sportive, le Comit\u00e9 Ex\u00e9cutif, tout en adressant ses f\u00e9licitations et souhaits de plein succ\u00e8s \u00e0 toute la famille du football national \u00e0 l\u2019entame de la nouvelle saison, a :<\/p>\n<p>&#8211; Exhort\u00e9 tous les acteurs concern\u00e9s par la saison sportive \u00e0 tout mettre en \u0153uvre pour assurer un bon d\u00e9but d\u2019exercice dans les meilleures conditions.<\/p>\n<p>&#8211; Approuv\u00e9 la d\u00e9cision de doubler la subvention annuelle allou\u00e9es aux ligues r\u00e9gionales sur toute l\u2019\u00e9tendue du territoire national, \u00e0 compter de la nouvelle ann\u00e9e sportive, pour leur permettre de mener \u00e0 bien leurs missions de d\u00e9veloppement du football \u00e0 l\u2019\u00e9chelle r\u00e9gionale.<\/p>\n<p>&#8211; Augment\u00e9 les honoraires des arbitres, des assesseurs et commissaires de match, \u00e0 compter de la nouvelle ann\u00e9e sportive.<\/p>\n<p>&#8211; Report\u00e9 la d\u00e9cision du Comit\u00e9 Ex\u00e9cutif prise lors de sa derni\u00e8re r\u00e9union &#8211; \u00e0 savoir l\u2019obligation des entra\u00eeneurs des clubs de Super D1 de disposer d\u2019une Licence \u00ab A \u00bb ou \u00ab B \u00bb de la CAF &#8211; jusqu\u2019en janvier 2023 et ce afin de donner aux entra\u00eeneurs et clubs une p\u00e9riode suppl\u00e9mentaire pour acqu\u00e9rir lesdites licences, dans la mesure o\u00f9 la Direction Technique Nationale va organiser, en collaboration avec la CAF, deux sessions de formation entre novembre et d\u00e9cembre pour l\u2019obtention des dipl\u00f4mes.<\/p>\n<p>3 \u2013 Divers :<\/p>\n<p>Le Comit\u00e9 Ex\u00e9cutif a discut\u00e9 de la situation de la formation des footballeurs au niveau de la F\u00e9d\u00e9rati on, des clubs et des centres dans les diff\u00e9rents d\u00e9partements, d\u2019o\u00f9 la d\u00e9cision d\u2019\u00e9valuer de nouveau la m\u00e9thodologie de formation utilis\u00e9e actuellement \u00e0 diff\u00e9rentes \u00e9chelles, et charger la Direction Technique Nationale d\u2019\u00e9tudier et proposer des solutions novatrices au Comit\u00e9 Ex\u00e9cutif dans les meilleurs d\u00e9lais. <\/p>\n<p>Dans ce cadre, le Comit\u00e9 Ex\u00e9cutif a appel\u00e9 les parties concern\u00e9es \u00e0 acc\u00e9l\u00e9rer les proc\u00e9dures de mise en \u0153uvre de la d\u00e9cision de cr\u00e9er \u00ab un Institut sup\u00e9rieur du football en Mauritanie \u00bb, dont la cr\u00e9ation a \u00e9t\u00e9 d\u00e9j\u00e0 approuv\u00e9e.<\/p>\n<p>via cridem<\/p>\n","protected":false},"excerpt":{"rendered":"<p>Le Comit\u00e9 Ex\u00e9cutif de la FFRIM s\u2019est r\u00e9uni ce jeudi 13 octobre, sous la pr\u00e9sidence de M. Ahmed Yahya, Pr\u00e9sident de la F\u00e9d\u00e9ration. Au cours de cette session, le Comit\u00e9 Ex\u00e9cutif a examin\u00e9 un certain nombre de points ayant trait aux \u00e9quipes nationales de petites cat\u00e9gories et au d\u00e9marrage de la nouvelle saison sportive, notamment. &hellip;<\/p>\n","protected":false},"author":2,"featured_media":2456,"comment_status":"open","ping_status":"open","sticky":false,"template":"","format":"standard","meta":{"footnotes":""},"categories":[17],"tags":[],"class_list":["post-2454","post","type-post","status-publish","format-standard","has-post-thumbnail","hentry","category-sports"],"_links":{"self":[{"href":"https:\/\/ladepeche.mr\/index.php?rest_route=\/wp\/v2\/posts\/2454","targetHints":{"allow":["GET"]}}],"collection":[{"href":"https:\/\/ladepeche.mr\/index.php?rest_route=\/wp\/v2\/posts"}],"about":[{"href":"https:\/\/ladepeche.mr\/index.php?rest_route=\/wp\/v2\/types\/post"}],"author":[{"embeddable":true,"href":"https:\/\/ladepeche.mr\/index.php?rest_route=\/wp\/v2\/users\/2"}],"replies":[{"embeddable":true,"href":"https:\/\/ladepeche.mr\/index.php?rest_route=%2Fwp%2Fv2%2Fcomments&post=2454"}],"version-history":[{"count":2,"href":"https:\/\/ladepeche.mr\/index.php?rest_route=\/wp\/v2\/posts\/2454\/revisions"}],"predecessor-version":[{"id":2457,"href":"https:\/\/ladepeche.mr\/index.php?rest_route=\/wp\/v2\/posts\/2454\/revisions\/2457"}],"wp:featuredmedia":[{"embeddable":true,"href":"https:\/\/ladepeche.mr\/index.php?rest_route=\/wp\/v2\/media\/2456"}],"wp:attachment":[{"href":"https:\/\/ladepeche.mr\/index.php?rest_route=%2Fwp%2Fv2%2Fmedia&parent=2454"}],"wp:term":[{"taxonomy":"category","embeddable":true,"href":"https:\/\/ladepeche.mr\/index.php?rest_route=%2Fwp%2Fv2%2Fcategories&post=2454"},{"taxonomy":"post_tag","embeddable":true,"href":"https:\/\/ladepeche.mr\/index.php?rest_route=%2Fwp%2Fv2%2Ftags&post=2454"}],"curies":[{"name":"wp","href":"https:\/\/api.w.org\/{rel}","templated":true}]}}