{"id":2459,"date":"2022-10-17T09:34:33","date_gmt":"2022-10-17T09:34:33","guid":{"rendered":"https:\/\/ladepeche.mr\/?p=2459"},"modified":"2022-10-17T09:34:33","modified_gmt":"2022-10-17T09:34:33","slug":"le-senegal-et-la-mauritanie-rejoignent-le-gazoduc-maroc-nigeria","status":"publish","type":"post","link":"https:\/\/ladepeche.mr\/?p=2459","title":{"rendered":"Le S\u00e9n\u00e9gal et la Mauritanie rejoignent le gazoduc Maroc -Nigeria"},"content":{"rendered":"<p>Un pas d\u00e9cisif qui fragilise le projet alg\u00e9rien concurrent. Le futur gazoduc Maroc -Nigeria long de 6000 km compl\u00e8te son dispositif de conventions pr\u00e9alables.<\/p>\n<p>Apr\u00e8s la CEDEAO, c\u2019est au tour de la Mauritanie et du S\u00e9n\u00e9gal de signer chacun en ce qui le concerne avec le tandem Maroc Nigeria. Ces m\u00e9morandums d\u2019entente sign\u00e9s samedi \u00e0 Nouakchott permet d\u2019imaginer un Gazoduc ouest africain reli\u00e9 au gazoduc Maghreb Europe et au march\u00e9 europ\u00e9en.<\/p>\n<p>Notons que l\u2019Alg\u00e9rie a mis fin en octobre 2021 \u00e0 sa fourniture de gaz audit gazoduc Maghreb Europe qui alimentait l\u2019Espagne.<br \/>\nFinancialafrik Via cridem<\/p>\n","protected":false},"excerpt":{"rendered":"<p>Un pas d\u00e9cisif qui fragilise le projet alg\u00e9rien concurrent. Le futur gazoduc Maroc -Nigeria long de 6000 km compl\u00e8te son dispositif de conventions pr\u00e9alables. Apr\u00e8s la CEDEAO, c\u2019est au tour de la Mauritanie et du S\u00e9n\u00e9gal de signer chacun en ce qui le concerne avec le tandem Maroc Nigeria. Ces m\u00e9morandums d\u2019entente sign\u00e9s samedi \u00e0 &hellip;<\/p>\n","protected":false},"author":2,"featured_media":2460,"comment_status":"open","ping_status":"open","sticky":false,"template":"","format":"standard","meta":{"footnotes":""},"categories":[18,2,29],"tags":[],"class_list":["post-2459","post","type-post","status-publish","format-standard","has-post-thumbnail","hentry","category-actualites","category-economie","category-monde"],"_links":{"self":[{"href":"https:\/\/ladepeche.mr\/index.php?rest_route=\/wp\/v2\/posts\/2459","targetHints":{"allow":["GET"]}}],"collection":[{"href":"https:\/\/ladepeche.mr\/index.php?rest_route=\/wp\/v2\/posts"}],"about":[{"href":"https:\/\/ladepeche.mr\/index.php?rest_route=\/wp\/v2\/types\/post"}],"author":[{"embeddable":true,"href":"https:\/\/ladepeche.mr\/index.php?rest_route=\/wp\/v2\/users\/2"}],"replies":[{"embeddable":true,"href":"https:\/\/ladepeche.mr\/index.php?rest_route=%2Fwp%2Fv2%2Fcomments&post=2459"}],"version-history":[{"count":1,"href":"https:\/\/ladepeche.mr\/index.php?rest_route=\/wp\/v2\/posts\/2459\/revisions"}],"predecessor-version":[{"id":2461,"href":"https:\/\/ladepeche.mr\/index.php?rest_route=\/wp\/v2\/posts\/2459\/revisions\/2461"}],"wp:featuredmedia":[{"embeddable":true,"href":"https:\/\/ladepeche.mr\/index.php?rest_route=\/wp\/v2\/media\/2460"}],"wp:attachment":[{"href":"https:\/\/ladepeche.mr\/index.php?rest_route=%2Fwp%2Fv2%2Fmedia&parent=2459"}],"wp:term":[{"taxonomy":"category","embeddable":true,"href":"https:\/\/ladepeche.mr\/index.php?rest_route=%2Fwp%2Fv2%2Fcategories&post=2459"},{"taxonomy":"post_tag","embeddable":true,"href":"https:\/\/ladepeche.mr\/index.php?rest_route=%2Fwp%2Fv2%2Ftags&post=2459"}],"curies":[{"name":"wp","href":"https:\/\/api.w.org\/{rel}","templated":true}]}}