{"id":2462,"date":"2022-10-17T09:41:43","date_gmt":"2022-10-17T09:41:43","guid":{"rendered":"https:\/\/ladepeche.mr\/?p=2462"},"modified":"2022-10-17T09:41:43","modified_gmt":"2022-10-17T09:41:43","slug":"la-sous-secretaire-detat-pour-les-affaires-politiques-des-etats-unis-en-visite-en-mauritanie","status":"publish","type":"post","link":"https:\/\/ladepeche.mr\/?p=2462","title":{"rendered":"La Sous-secr\u00e9taire d&#8217;\u00c9tat pour les Affaires politiques des \u00c9tats-Unis en visite en Mauritanie"},"content":{"rendered":"<p>La Sous-secr\u00e9taire d\u2019Etat am\u00e9ricaine pour les Affaires politiques, Victoria Nuland, est arriv\u00e9e \u00e0 Nouakchott, dimanche, \u00e0 la t\u00eate d\u2019une d\u00e9l\u00e9gation de haut niveau de son pays, a indiqu\u00e9 l\u2019Agence Mauritanienne d\u2019Information (AMI).<\/p>\n<p>Cette visite en Mauritanie par laquelle la responsable am\u00e9ricaine d\u00e9bute sa tourn\u00e9e dans la r\u00e9gion sera l\u2019occasion pour des entretiens sur les relations entre les deux pays amis et sur les d\u00e9veloppements r\u00e9gionaux et internationaux d\u2019int\u00e9r\u00eat commun, pr\u00e9cise dans un communiqu\u00e9 le minist\u00e8re mauritanien des Affaires \u00e9trang\u00e8res, de la Coop\u00e9ration et des Mauritaniens de l\u2019ext\u00e9rieur.<\/p>\n<p>Sur sa page Facebook, l\u2019ambassade am\u00e9ricaine en Mauritanie indique que la Sous-Secr\u00e9taire d&#8217;\u00c9tat aux Affaires Politiques Victoria Nuland et la d\u00e9l\u00e9gation qui l&#8217;accompagne sont arriv\u00e9es en Mauritanie pour discuter d&#8217;un large \u00e9ventail de priorit\u00e9s politiques et de s\u00e9curit\u00e9 dans les relations bilat\u00e9rales am\u00e9ricano-mauritaniennes.<\/p>\n<p>\u00ab Au cours de leur visite, ils rencontreront des repr\u00e9sentants du gouvernement, de la soci\u00e9t\u00e9 civile et des leaders de la jeunesse \u00bb, ajoute l\u2019ambassade am\u00e9ricaine en Mauritanie.<\/p>\n<p>Pour rappel, cette visite de la num\u00e9ro 3 de la diplomatie am\u00e9ricaine intervient quelques jours apr\u00e8s l\u2019adoption par l\u2019Assembl\u00e9e g\u00e9n\u00e9rale de l\u2019ONU d\u2019une r\u00e9solution condamnant les &#8220;annexions ill\u00e9gales&#8221; de territoires de l\u2019Ukraine par la Russie.<\/p>\n<p>L\u2019administration am\u00e9ricaine a men\u00e9 une campagne tous azimuts pour rallier le plus grand nombre de pays afin de faire adopter cette r\u00e9solution, en ayant un \u00e9change virtuel avec les repr\u00e9sentants d&#8217;une centaine de pays.<\/p>\n<p>Par Cridem Actualit\u00e9s<\/p>\n","protected":false},"excerpt":{"rendered":"<p>La Sous-secr\u00e9taire d\u2019Etat am\u00e9ricaine pour les Affaires politiques, Victoria Nuland, est arriv\u00e9e \u00e0 Nouakchott, dimanche, \u00e0 la t\u00eate d\u2019une d\u00e9l\u00e9gation de haut niveau de son pays, a indiqu\u00e9 l\u2019Agence Mauritanienne d\u2019Information (AMI). Cette visite en Mauritanie par laquelle la responsable am\u00e9ricaine d\u00e9bute sa tourn\u00e9e dans la r\u00e9gion sera l\u2019occasion pour des entretiens sur les relations &hellip;<\/p>\n","protected":false},"author":2,"featured_media":2463,"comment_status":"open","ping_status":"open","sticky":false,"template":"","format":"standard","meta":{"footnotes":""},"categories":[18,29],"tags":[],"class_list":["post-2462","post","type-post","status-publish","format-standard","has-post-thumbnail","hentry","category-actualites","category-monde"],"_links":{"self":[{"href":"https:\/\/ladepeche.mr\/index.php?rest_route=\/wp\/v2\/posts\/2462","targetHints":{"allow":["GET"]}}],"collection":[{"href":"https:\/\/ladepeche.mr\/index.php?rest_route=\/wp\/v2\/posts"}],"about":[{"href":"https:\/\/ladepeche.mr\/index.php?rest_route=\/wp\/v2\/types\/post"}],"author":[{"embeddable":true,"href":"https:\/\/ladepeche.mr\/index.php?rest_route=\/wp\/v2\/users\/2"}],"replies":[{"embeddable":true,"href":"https:\/\/ladepeche.mr\/index.php?rest_route=%2Fwp%2Fv2%2Fcomments&post=2462"}],"version-history":[{"count":1,"href":"https:\/\/ladepeche.mr\/index.php?rest_route=\/wp\/v2\/posts\/2462\/revisions"}],"predecessor-version":[{"id":2464,"href":"https:\/\/ladepeche.mr\/index.php?rest_route=\/wp\/v2\/posts\/2462\/revisions\/2464"}],"wp:featuredmedia":[{"embeddable":true,"href":"https:\/\/ladepeche.mr\/index.php?rest_route=\/wp\/v2\/media\/2463"}],"wp:attachment":[{"href":"https:\/\/ladepeche.mr\/index.php?rest_route=%2Fwp%2Fv2%2Fmedia&parent=2462"}],"wp:term":[{"taxonomy":"category","embeddable":true,"href":"https:\/\/ladepeche.mr\/index.php?rest_route=%2Fwp%2Fv2%2Fcategories&post=2462"},{"taxonomy":"post_tag","embeddable":true,"href":"https:\/\/ladepeche.mr\/index.php?rest_route=%2Fwp%2Fv2%2Ftags&post=2462"}],"curies":[{"name":"wp","href":"https:\/\/api.w.org\/{rel}","templated":true}]}}