{"id":2472,"date":"2022-10-17T11:51:08","date_gmt":"2022-10-17T11:51:08","guid":{"rendered":"https:\/\/ladepeche.mr\/?p=2472"},"modified":"2022-10-17T11:51:08","modified_gmt":"2022-10-17T11:51:08","slug":"la-mauritanie-celebre-la-journee-mondiale-de-lalimentation-a-partir-de-la-ville-de-guerrou","status":"publish","type":"post","link":"https:\/\/ladepeche.mr\/?p=2472","title":{"rendered":"La Mauritanie c\u00e9l\u00e8bre la journ\u00e9e mondiale de l\u2019Alimentation \u00e0 partir de la ville de Guerrou"},"content":{"rendered":"<p>La Mauritanie a c\u00e9l\u00e9br\u00e9, dimanche \u00e0 partir de la ville de Guerrou, \u00e0 l\u2019instar des pays membres de l\u2019Organisation des Nations Unies pour l\u2019Alimentation et l\u2019Agriculture (FAO) la journ\u00e9e mondiale de l\u2019Alimentation sous le th\u00e8me de: \u201d Une production meilleure, une alimentation meilleure, un environnement meilleur et une vie meilleure\u201d<\/p>\n<p>La c\u00e9l\u00e9bration de cette journ\u00e9e qui co\u00efncide avec le 42eme anniversaire de la journ\u00e9e mondiale de l\u2019alimentation a \u00e9t\u00e9 marqu\u00e9e par l\u2019organisation d\u2019une c\u00e9r\u00e9monie dans la ville de Guerrou sous la pr\u00e9sidence du conseiller technique du ministre de l\u2019Agriculture charg\u00e9 de la recherche et de la formation, M. Mohamed El Moctar Ould Sidi Mohamed qui a indiqu\u00e9, dans un mot prononc\u00e9 pour la circonstance, que la comm\u00e9moration de la journ\u00e9e cette ann\u00e9e intervient dans une conjoncture mondiale particuli\u00e8re impos\u00e9e par les cons\u00e9quences de la Covid-19 et la guerre russo-ukrainienne ainsi que par les changements climatiques, des questions qui ont fait de la production alimentaire un axe important dans les strat\u00e9gies des Etats.<\/p>\n<p>Il a pr\u00e9cis\u00e9 que cette situation mondiale a conduit \u00e0 une hausse des prix de l\u2019alimentation et des intrants agricoles et \u00e0 la perturbation des chaines d\u2019approvisionnement , ce qui s\u2019est r\u00e9percut\u00e9 n\u00e9gativement sur la s\u00e9curit\u00e9 alimentaire des peuples de la plan\u00e8te et fait de la production agricole locale une n\u00e9cessit\u00e9 indispensable.<\/p>\n<p>Il a ensuite parl\u00e9 de la place centrale qu\u2019occupe l\u2019agriculture dans le programme Teahoudati du Pr\u00e9sident de la R\u00e9publique, Son Excellence Monsieur Mohamed Ould Cheikh El Ghazouani, soulignant que le secteur de l\u2019agriculture \u0153uvre, conform\u00e9ment au programme du Gouvernement, \u00e0 cr\u00e9er des conditions encourageant la production agricole en milieu rural , \u00e0 travers la mise en place des infrastructures agricoles, l\u2019am\u00e9nagement davantage de superficies, l\u2019\u00e9lectrification et le d\u00e9senclavement des zones de production, la maintenance des canaux d\u2019irrigation , l\u2019encouragement de l\u2019introduction des techniques modernes agricoles comme les nouveaux syst\u00e8mes d\u2019irrigation, l\u2019introduction de l\u2019agriculture prot\u00e9g\u00e9e dans le plan strat\u00e9gique de d\u00e9veloppement des cultures maraich\u00e8res, le d\u00e9veloppement des m\u00e9thodes de production de l\u2019agriculture sous palmiers et la culture sous pluies gr\u00e2ce \u00e0 l\u2019introduction progressive de la m\u00e9canisation agricole pour am\u00e9liorer les conditions de production et l\u2019accroissement de la productivit\u00e9 .<\/p>\n<p>Il a pr\u00e9cis\u00e9 que le choix de la moughataa de Guerrou pour abriter cette manifestation refl\u00e8te clairement la volont\u00e9 du secteur agricole d\u2019appuyer et d\u2019encourager les producteurs et les agriculteurs locaux qui ont d\u00e9ploy\u00e9 de grands efforts dans le domaine agricole faisant de cette moughataa un p\u00f4le de d\u00e9veloppement pionnier en mati\u00e8re de culture sous palmiers et des cultures maraich\u00e8res et fourrag\u00e8res gr\u00e2ce \u00e0 l\u2019adoption d\u2019une politique d\u00e9centralis\u00e9e dans ce genre d\u2019activit\u00e9s, ce qui aura un impact positif sur l\u2019agriculture dans la zone.<\/p>\n<p>Il a appel\u00e9 tous les acteurs \u00e0 investir dans le secteur agricole qui est un pilier essentiel et l\u2019unique solution pour la r\u00e9alisation de notre s\u00e9curit\u00e9 alimentaire et de notre souverainet\u00e9 alimentaire, exhortant les hommes d\u2019affaires et les jeunes dans la wilaya de l\u2019Assaba \u00e0 investir dans l\u2019agriculture par des voies modernes en vue de la r\u00e9alisation d\u2019un rendement \u00e9conomique et d\u2019un d\u00e9veloppement agricole dans cette zone.<\/p>\n<p>Il a enfin remerci\u00e9 les partenaires techniques et financiers, notamment la FAO, le Programme alimentaire mondial et l\u2019Union Europ\u00e9enne pour leur accompagnement aux efforts de notre pays dans le domaine du d\u00e9veloppement agricole , les appelant \u00e0 axer leurs interventions pour am\u00e9liorer l\u2019acc\u00e8s \u00e0 la m\u00e9canisation agricole, aux techniques de production modernes et \u00e0 la formation et appuyer la vulgarisation agricole.<\/p>\n<p>Le pr\u00e9sident de la commission r\u00e9gionale de l\u2019Assaba, M. Mohamed Mahmoud Ould Habib, le d\u00e9put\u00e9 de la moughataa de Guerrou, M. Mohamed Lemine Ould Ahmed Derguel et les repr\u00e9sentants de la FAO, du Programme Alimentaire Mondial et de l\u2019Union Europ\u00e9enne ont, dans leurs interventions, insist\u00e9 sur l\u2019importance de cette journ\u00e9e pour faire ressortir les efforts d\u00e9ploy\u00e9s pour la r\u00e9alisation de la s\u00e9curit\u00e9 alimentaire au niveau local, national et international en vue de l\u2019\u00e9radication de la faim et de la pauvret\u00e9.<\/p>\n<p>Auparavant, le maire de la commune de Guerrou, avait rendu hommage aux efforts d\u00e9ploy\u00e9s par les hautes autorit\u00e9s du pays pour la r\u00e9alisation du d\u00e9veloppement agricole, mettant en relief, dans ce cadre, les grands efforts consentis par les hommes d\u2019affaires dans la moughataa de Guerrou dans le domaine de la culture sous palmiers et des cultures maraich\u00e8res et fourrag\u00e8res dans le but de cr\u00e9er un p\u00f4le de d\u00e9veloppement dans la moughataa.<\/p>\n<p>L\u2019assistance a ensuite suivi par le biais de la visioconf\u00e9rence le discours du directeur g\u00e9n\u00e9ral de la FAO adress\u00e9 aux peuples du monde \u00e0 l\u2019occasion de la journ\u00e9e Mondiale de l\u2019Alimentation et deux films documentaire sur le th\u00e8me de la journ\u00e9e et sur l\u2019importance de consommer les produits alimentaires locaux.<\/p>\n<p>Les personnalit\u00e9s pr\u00e9sentes ont visit\u00e9, apr\u00e8s, l\u2019exposition organis\u00e9e pour la circonstance mettant en relief les efforts d\u00e9ploy\u00e9s par les pouvoirs publics et les coop\u00e9ratives agricoles dans le domaine de l\u2019agriculture et de la s\u00e9curit\u00e9 alimentaire.<\/p>\n<p>La c\u00e9r\u00e9monie s\u2019est d\u00e9roul\u00e9e en pr\u00e9sence du hakem de la moughata de Guerrou, des \u00e9lus locaux et des autorit\u00e9s s\u00e9curitaires.<br \/>\nAmi<\/p>\n","protected":false},"excerpt":{"rendered":"<p>La Mauritanie a c\u00e9l\u00e9br\u00e9, dimanche \u00e0 partir de la ville de Guerrou, \u00e0 l\u2019instar des pays membres de l\u2019Organisation des Nations Unies pour l\u2019Alimentation et l\u2019Agriculture (FAO) la journ\u00e9e mondiale de l\u2019Alimentation sous le th\u00e8me de: \u201d Une production meilleure, une alimentation meilleure, un environnement meilleur et une vie meilleure\u201d La c\u00e9l\u00e9bration de cette journ\u00e9e &hellip;<\/p>\n","protected":false},"author":2,"featured_media":2473,"comment_status":"open","ping_status":"open","sticky":false,"template":"","format":"standard","meta":{"footnotes":""},"categories":[15],"tags":[],"class_list":["post-2472","post","type-post","status-publish","format-standard","has-post-thumbnail","hentry","category-culture"],"_links":{"self":[{"href":"https:\/\/ladepeche.mr\/index.php?rest_route=\/wp\/v2\/posts\/2472","targetHints":{"allow":["GET"]}}],"collection":[{"href":"https:\/\/ladepeche.mr\/index.php?rest_route=\/wp\/v2\/posts"}],"about":[{"href":"https:\/\/ladepeche.mr\/index.php?rest_route=\/wp\/v2\/types\/post"}],"author":[{"embeddable":true,"href":"https:\/\/ladepeche.mr\/index.php?rest_route=\/wp\/v2\/users\/2"}],"replies":[{"embeddable":true,"href":"https:\/\/ladepeche.mr\/index.php?rest_route=%2Fwp%2Fv2%2Fcomments&post=2472"}],"version-history":[{"count":1,"href":"https:\/\/ladepeche.mr\/index.php?rest_route=\/wp\/v2\/posts\/2472\/revisions"}],"predecessor-version":[{"id":2474,"href":"https:\/\/ladepeche.mr\/index.php?rest_route=\/wp\/v2\/posts\/2472\/revisions\/2474"}],"wp:featuredmedia":[{"embeddable":true,"href":"https:\/\/ladepeche.mr\/index.php?rest_route=\/wp\/v2\/media\/2473"}],"wp:attachment":[{"href":"https:\/\/ladepeche.mr\/index.php?rest_route=%2Fwp%2Fv2%2Fmedia&parent=2472"}],"wp:term":[{"taxonomy":"category","embeddable":true,"href":"https:\/\/ladepeche.mr\/index.php?rest_route=%2Fwp%2Fv2%2Fcategories&post=2472"},{"taxonomy":"post_tag","embeddable":true,"href":"https:\/\/ladepeche.mr\/index.php?rest_route=%2Fwp%2Fv2%2Ftags&post=2472"}],"curies":[{"name":"wp","href":"https:\/\/api.w.org\/{rel}","templated":true}]}}