{"id":2480,"date":"2022-10-17T22:45:41","date_gmt":"2022-10-17T22:45:41","guid":{"rendered":"https:\/\/ladepeche.mr\/?p=2480"},"modified":"2022-10-17T22:45:41","modified_gmt":"2022-10-17T22:45:41","slug":"le-president-de-la-republique-recoit-la-sous-secretaire-detat-americaine-aux-affaires-politiques","status":"publish","type":"post","link":"https:\/\/ladepeche.mr\/?p=2480","title":{"rendered":"Le Pr\u00e9sident de la R\u00e9publique re\u00e7oit la sous-secr\u00e9taire d\u2019\u00c9tat am\u00e9ricaine aux Affaires politiques"},"content":{"rendered":"<p>Son Excellence le Pr\u00e9sident de la R\u00e9publique, M. Mohamed Ould Cheikh El Ghazouani, a re\u00e7u en audience, ce matin, lundi au palais pr\u00e9sidentiel \u00e0 Nouakchott, la sous-secr\u00e9taire d\u2019\u00c9tat am\u00e9ricaine aux Affaires politiques, Mme Victoria Nuland.<\/p>\n<p>Au cours de la rencontre, les relations de coop\u00e9ration bilat\u00e9rale et les moyens de les faire progresser vers des horizons plus larges pour servir les int\u00e9r\u00eats communs des deux pays amis, en plus des questions d\u2019int\u00e9r\u00eat commun ont \u00e9t\u00e9 abord\u00e9s.<\/p>\n<p>A sa sortie d\u2019audience, la sous-secr\u00e9taire d\u2019\u00c9tat a fait une d\u00e9claration \u00e0 l\u2019Agence Mauritanienne d\u2019Information dans laquelle elle a exprim\u00e9 sa joie de se retrouver en Mauritanie, premi\u00e8re \u00e9tape de sa visite au Sahel, ainsi que sa gratitude pour l\u2019accueil chaleureux et la consid\u00e9ration sinc\u00e8re dont elle-m\u00eame et sa d\u00e9l\u00e9gation ont fait l\u2019objet en Mauritanie. Mme Victoria Nuland a fait observer que les \u00c9tats-Unis et la Mauritanie entretiennent un long partenariat, indiquant que le mois prochain marquera exactement 62 ans depuis que les \u00c9tats-Unis ont \u00e9t\u00e9 le premier pays \u00e0 reconnaitre l\u2019ind\u00e9pendance de la Mauritanie. Elle a soulign\u00e9 qu\u2019il s\u2019agit d\u2019une \u00ab relation qui continue de se construire dans la confiance, les int\u00e9r\u00eats partag\u00e9s et les objectifs communs \u00bb.<\/p>\n<p>La sous-secr\u00e9taire d\u2019\u00c9tat a soulign\u00e9 que \u00ab la Mauritanie est devenue une oasis de stabilit\u00e9 dans le Sahel \u00bb, affirmant que \u00ab les \u00c9tats-Unis saluent le r\u00f4le de la Mauritanie dans la lutte contre les activit\u00e9s terroristes et dans la pr\u00e9vention de l\u2019extr\u00e9misme violent \u00bb. Elle a ajout\u00e9 : \u00ab En raison du r\u00f4le essentiel que joue la Mauritanie dans le renforcement de la s\u00e9curit\u00e9 r\u00e9gionale au Sahel, les \u00c9tats-Unis appr\u00e9cient son leadership, notamment en tant que pays h\u00f4te du Secr\u00e9tariat ex\u00e9cutif du G5 Sahel et du Coll\u00e8ge de d\u00e9fense du G5-Sahel \u00bb assurant que son pays se r\u00e9jouit de poursuivre sa coop\u00e9ration avec la Mauritanie en mati\u00e8re de s\u00e9curit\u00e9.<\/p>\n<p>Mme Victoria Nuland a tenu \u00e0 remercier le peuple mauritanien pour son hospitalit\u00e9 envers plus de 80 000 r\u00e9fugi\u00e9s maliens qui ont d\u00fb fuir les violences et les pers\u00e9cutions, indiquant que les \u00c9tats-Unis continueront \u00e0 consacrer des ressources pour aider ces populations ainsi que d\u2019autres vuln\u00e9rables et d\u00e9plac\u00e9es \u00e0 travers le monde.<\/p>\n<p>La sous-secr\u00e9taire d\u2019\u00c9tat am\u00e9ricaine aux Affaires politiques a r\u00e9v\u00e9l\u00e9 avoir eu avec le Pr\u00e9sident de la R\u00e9publique \u00ab une discussion franche et productive sur le travail que les deux parties effectuent ensemble sur ces questions et sur d\u2019autres sujets d\u2019int\u00e9r\u00eat commun, pr\u00e9cisant : \u00ab Je suis encourag\u00e9 par ses efforts de r\u00e9forme, son travail sur l\u2019am\u00e9lioration de la transparence, son soutien \u00e0 l\u2019inclusion sociale et sa mise en \u0153uvre de r\u00e9formes \u00e9conomiques cl\u00e9s \u00bb.<\/p>\n<p>Elle a indiqu\u00e9 avoir remerci\u00e9 le Pr\u00e9sident de la R\u00e9publique, Son Excellence Monsieur Mohamed Ould Cheikh El Ghazouani, pour les efforts r\u00e9alis\u00e9s par son administration en vue d\u2019am\u00e9liorer l\u2019inclusion sociale et le respect des droits de l\u2019homme<\/p>\n<p>Mme Victoria Nuland a indiqu\u00e9 avoir \u00e9galement discut\u00e9 avec le Pr\u00e9sident de la R\u00e9publique des d\u00e9fis mondiaux les plus pressants de l\u2019\u00e9poque : covid-19, al\u00e9as climatiques, conflits et de leur impact sur l\u2019ins\u00e9curit\u00e9 alimentaire et \u00e9nerg\u00e9tique, assurant que les Etats-Unis apporteront leur soutien \u00e0 la Mauritanie pour relever le d\u00e9fi de l\u2019ins\u00e9curit\u00e9 alimentaire.<\/p>\n<p>Elle a fait observer que les Etats-Unis, en plus du fait qu\u2019ils sont le plus grand contributeur du Programme alimentaire mondial, fourniront \u00e0 la Mauritanie \u00e0 travers leur programme international d\u2019alimentation pour l\u2019\u00e9ducation et la nutrition MCGovern-Dole, 28,5 millions de dollars sur cinq ans pour nourrir, chaque ann\u00e9e, pr\u00e8s de 100 000 \u00e9l\u00e8ves appartenant \u00e0 320 \u00e9coles primaires dans les wilayas du Brakna, du Gorgol et du Tagant.<\/p>\n<p>S\u2019agissant de Covid, La sous-secr\u00e9taire d\u2019\u00c9tat a fait remarquer que les \u00c9tats-Unis ont r\u00e9solument contribu\u00e9 \u00e0 rendre les vaccins accessibles \u00e0 tous, pr\u00e9cisant qu\u2019ils sont le plus grand donateur du programme COVAX qui a fourni \u00e0 la Mauritanie 1,64 millions de doses.<\/p>\n<p>La responsable am\u00e9ricaine a par ailleurs affirm\u00e9 la d\u00e9termination de son pays \u00e0 aider la jeunesse mauritanienne, assurant que les projets am\u00e9ricains USAID, Tamkeen et Nafoore qui b\u00e9n\u00e9ficient d\u2019un financement de 24 millions de dollars lui apporteront un soutien essentiel en mati\u00e8re de formation.<\/p>\n<p>Elle soulign\u00e9 que la Mauritanie a accueilli favorablement des investissements am\u00e9ricains dans le secteur de l\u2019\u00e9nergie et qu\u2019ils encouragent les investisseurs am\u00e9ricains et les entreprises am\u00e9ricaines \u00e0 s\u2019associer avec des entreprises mauritaniennes dans des secteurs importants que sont l\u2019agriculture, la p\u00eache et les \u00e9nergies renouvelables.<\/p>\n<p>Mme Victoria Nuland a d\u00e9clar\u00e9 que sa visite en Mauritanie refl\u00e8te l\u2019engagement du Pr\u00e9sident Biden \u00e0 renforcer les liens des Etats-Unis avec ses principaux partenaires africains.<\/p>\n<p>La rencontre s\u2019est d\u00e9roul\u00e9e en pr\u00e9sence du ministre des Affaires \u00e9trang\u00e8res, de la Coop\u00e9ration et des Mauritaniens de l\u2019Ext\u00e9rieur, M. Mohamed Salem Ould Merzoug, le directeur de cabinet du Pr\u00e9sident de la R\u00e9publique, M. Ismail Ould Cheikh Ahmed, le chef d\u2019\u00e9tat-major particulier du Pr\u00e9sident de la R\u00e9publique, l\u2019Amiral Isselkou Ould Cheikh El Wely, et l\u2019ambassadrice am\u00e9ricaine en Mauritanie SE Mme Cynthia Kierscht, ainsi que la d\u00e9l\u00e9gation accompagnant la sous-secr\u00e9taire d\u2019\u00c9tat am\u00e9ricaine aux Affaires politiques.<br \/>\nAmi<\/p>\n","protected":false},"excerpt":{"rendered":"<p>Son Excellence le Pr\u00e9sident de la R\u00e9publique, M. Mohamed Ould Cheikh El Ghazouani, a re\u00e7u en audience, ce matin, lundi au palais pr\u00e9sidentiel \u00e0 Nouakchott, la sous-secr\u00e9taire d\u2019\u00c9tat am\u00e9ricaine aux Affaires politiques, Mme Victoria Nuland. Au cours de la rencontre, les relations de coop\u00e9ration bilat\u00e9rale et les moyens de les faire progresser vers des horizons &hellip;<\/p>\n","protected":false},"author":2,"featured_media":2481,"comment_status":"open","ping_status":"open","sticky":false,"template":"","format":"standard","meta":{"footnotes":""},"categories":[18,28],"tags":[],"class_list":["post-2480","post","type-post","status-publish","format-standard","has-post-thumbnail","hentry","category-actualites","category-sahel"],"_links":{"self":[{"href":"https:\/\/ladepeche.mr\/index.php?rest_route=\/wp\/v2\/posts\/2480","targetHints":{"allow":["GET"]}}],"collection":[{"href":"https:\/\/ladepeche.mr\/index.php?rest_route=\/wp\/v2\/posts"}],"about":[{"href":"https:\/\/ladepeche.mr\/index.php?rest_route=\/wp\/v2\/types\/post"}],"author":[{"embeddable":true,"href":"https:\/\/ladepeche.mr\/index.php?rest_route=\/wp\/v2\/users\/2"}],"replies":[{"embeddable":true,"href":"https:\/\/ladepeche.mr\/index.php?rest_route=%2Fwp%2Fv2%2Fcomments&post=2480"}],"version-history":[{"count":1,"href":"https:\/\/ladepeche.mr\/index.php?rest_route=\/wp\/v2\/posts\/2480\/revisions"}],"predecessor-version":[{"id":2482,"href":"https:\/\/ladepeche.mr\/index.php?rest_route=\/wp\/v2\/posts\/2480\/revisions\/2482"}],"wp:featuredmedia":[{"embeddable":true,"href":"https:\/\/ladepeche.mr\/index.php?rest_route=\/wp\/v2\/media\/2481"}],"wp:attachment":[{"href":"https:\/\/ladepeche.mr\/index.php?rest_route=%2Fwp%2Fv2%2Fmedia&parent=2480"}],"wp:term":[{"taxonomy":"category","embeddable":true,"href":"https:\/\/ladepeche.mr\/index.php?rest_route=%2Fwp%2Fv2%2Fcategories&post=2480"},{"taxonomy":"post_tag","embeddable":true,"href":"https:\/\/ladepeche.mr\/index.php?rest_route=%2Fwp%2Fv2%2Ftags&post=2480"}],"curies":[{"name":"wp","href":"https:\/\/api.w.org\/{rel}","templated":true}]}}