{"id":2483,"date":"2022-10-18T14:28:06","date_gmt":"2022-10-18T14:28:06","guid":{"rendered":"https:\/\/ladepeche.mr\/?p=2483"},"modified":"2022-10-18T14:28:06","modified_gmt":"2022-10-18T14:28:06","slug":"fama-mue-dans-la-grande-muette","status":"publish","type":"post","link":"https:\/\/ladepeche.mr\/?p=2483","title":{"rendered":"FAMA : Mue dans la grande-muette !"},"content":{"rendered":"<p>Le commandement des \u00e9tats-majors de l&#8217;arm\u00e9e mauritanienne a proc\u00e9d\u00e9 aujourd&#8217;hui \u00e0 des changements dans les noms de ses bureaux, en plus des transferts dans les rangs des officiers sup\u00e9rieurs, apprend-on de source de nos confr\u00e8res de \u00ab Alakhbar \u00bb. Une mue qui consacrerait un red\u00e9ploiement et une recherche d\u2019efficacit\u00e9 face aux d\u00e9fis de sa modernisation. <\/p>\n<p>Selon un communiqu\u00e9 diffus\u00e9 aujourd&#8217;hui, les officiers suivants ont \u00e9t\u00e9 nomm\u00e9s :<br \/>\n&#8211; Directeur de la Centrale du Mat\u00e9riel, le G\u00e9n\u00e9ral-Major Mohamed Fal Weld Rais, issu du Bataillon Commandement et Services<br \/>\n&#8211; Commandant de la division de soutien, le g\u00e9n\u00e9ral de division Saido Samba &#8211; issu du bataillon de commandement et de services<br \/>\n&#8211; Directeur de la Centrale de la d\u00e9l\u00e9gation accr\u00e9dit\u00e9e, le G\u00e9n\u00e9ral Major Ahmed Falili Al-Mami Hashem &#8211; issu du Bataillon Commandement et Services<br \/>\n&#8211; Commandant de la Division du renseignement et de la s\u00e9curit\u00e9 militaire, le colonel Al-Hassan Bump Makt &#8211; issu du bataillon de commandement et de services<br \/>\n&#8211; Commandant de la Division des Affaires G\u00e9n\u00e9rales, le Colonel autoris\u00e9 Hammoud Muhammad Hamadeh, issu du Bataillon Commandement et Services<br \/>\n&#8211; Directeur de la Communication et des Relations Publiques, le Colonel Mohamed Cheikh Muhammad Al-Heiba, venant du Commandement de la Septi\u00e8me R\u00e9gion Militaire, Balak<br \/>\n&#8211; Commandant de la Division des Ressources Humaines, le Colonel Mohamedd Hamdoun Wadou, issu du Bataillon Commandement et Services<br \/>\n&#8211; Commandant de l&#8217;escouade de formation, le colonel Zein Sweidat Wadad, venant du bataillon de commandement et de services<br \/>\n&#8211; Commandant de la division des op\u00e9rations, le colonel Ahmed Salem Mohamed Al-Zein &#8211; issu du bataillon de commandement et de services<br \/>\n&#8211; Directeur de la Direction des Affaires Sociales, Colonel El Hammoud Mohamed, du Bataillon Commandement et Services<br \/>\n&#8211; Commandant de la division de la coop\u00e9ration militaire, le colonel Sidi Sid Ahmed Lafrik, issu du commandement de la division du centre de maintien de la paix et d&#8217;entra\u00eenement de l&#8217;ancien bataillon de commandement et de services<br \/>\n&#8211; Directeur des Infrastructures, le Colonel Tiam Mamadou, issu de la Direction Al-Mataba, dirig\u00e9 par le bataillon et les services<br \/>\n&#8211; Directeur des Sports des Arm\u00e9es, le Colonel Ibrahim Ahmed Miloud Mokhtar, issu du Bataillon Commandement et Services<br \/>\n&#8211; Directeur de la Centrale des Syst\u00e8mes d&#8217;Information et de Communication, le Colonel Abdullah Mohamed Fal Beybe, issu du Bataillon Commandement et Services<br \/>\nLes Forces arm\u00e9es mauritaniennes sont compos\u00e9es, en 2020, des forces terrestres (~26 000 militaires), de la marine (1 000), de la force a\u00e9rienne (350) ainsi que d&#8217;une Gendarmerie (~4 000) (wikip\u00e9dia)<\/p>\n","protected":false},"excerpt":{"rendered":"<p>Le commandement des \u00e9tats-majors de l&#8217;arm\u00e9e mauritanienne a proc\u00e9d\u00e9 aujourd&#8217;hui \u00e0 des changements dans les noms de ses bureaux, en plus des transferts dans les rangs des officiers sup\u00e9rieurs, apprend-on de source de nos confr\u00e8res de \u00ab Alakhbar \u00bb. Une mue qui consacrerait un red\u00e9ploiement et une recherche d\u2019efficacit\u00e9 face aux d\u00e9fis de sa modernisation. &hellip;<\/p>\n","protected":false},"author":2,"featured_media":2484,"comment_status":"open","ping_status":"open","sticky":false,"template":"","format":"standard","meta":{"footnotes":""},"categories":[18],"tags":[],"class_list":["post-2483","post","type-post","status-publish","format-standard","has-post-thumbnail","hentry","category-actualites"],"_links":{"self":[{"href":"https:\/\/ladepeche.mr\/index.php?rest_route=\/wp\/v2\/posts\/2483","targetHints":{"allow":["GET"]}}],"collection":[{"href":"https:\/\/ladepeche.mr\/index.php?rest_route=\/wp\/v2\/posts"}],"about":[{"href":"https:\/\/ladepeche.mr\/index.php?rest_route=\/wp\/v2\/types\/post"}],"author":[{"embeddable":true,"href":"https:\/\/ladepeche.mr\/index.php?rest_route=\/wp\/v2\/users\/2"}],"replies":[{"embeddable":true,"href":"https:\/\/ladepeche.mr\/index.php?rest_route=%2Fwp%2Fv2%2Fcomments&post=2483"}],"version-history":[{"count":1,"href":"https:\/\/ladepeche.mr\/index.php?rest_route=\/wp\/v2\/posts\/2483\/revisions"}],"predecessor-version":[{"id":2485,"href":"https:\/\/ladepeche.mr\/index.php?rest_route=\/wp\/v2\/posts\/2483\/revisions\/2485"}],"wp:featuredmedia":[{"embeddable":true,"href":"https:\/\/ladepeche.mr\/index.php?rest_route=\/wp\/v2\/media\/2484"}],"wp:attachment":[{"href":"https:\/\/ladepeche.mr\/index.php?rest_route=%2Fwp%2Fv2%2Fmedia&parent=2483"}],"wp:term":[{"taxonomy":"category","embeddable":true,"href":"https:\/\/ladepeche.mr\/index.php?rest_route=%2Fwp%2Fv2%2Fcategories&post=2483"},{"taxonomy":"post_tag","embeddable":true,"href":"https:\/\/ladepeche.mr\/index.php?rest_route=%2Fwp%2Fv2%2Ftags&post=2483"}],"curies":[{"name":"wp","href":"https:\/\/api.w.org\/{rel}","templated":true}]}}