{"id":2489,"date":"2022-10-18T14:58:43","date_gmt":"2022-10-18T14:58:43","guid":{"rendered":"https:\/\/ladepeche.mr\/?p=2489"},"modified":"2022-10-18T14:58:43","modified_gmt":"2022-10-18T14:58:43","slug":"karim-benzema-ballon-dor-2022-apres-24-ans-de-frustrations-zidane-a-enfin-un-successeur","status":"publish","type":"post","link":"https:\/\/ladepeche.mr\/?p=2489","title":{"rendered":"Karim Benzema Ballon d&#8217;Or 2022 &#8211; Apr\u00e8s 24 ans de frustrations, Zidane a enfin un successeur"},"content":{"rendered":"<p>Voil\u00e0 quasiment un quart de si\u00e8cle que la France n&#8217;avait plus remport\u00e9 le Ballon d&#8217;Or.<\/p>\n<p>Karim Benzema, ancien paria devenu fiert\u00e9 nationale, devient le cinqui\u00e8me fran\u00e7ais \u00e0 le soulever et met fin \u00e0 une interminable attente ponctu\u00e9e d&#8217;immenses d\u00e9sillusions, de Thierry Henry \u00e0 Franck Rib\u00e9ry. KB9 a r\u00e9ussi l\u00e0 o\u00f9 tant de Bleus, et non des moindres, ont \u00e9chou\u00e9.<\/p>\n<p>Enfin. Enfin, le voil\u00e0, le Ballon d&#8217;Or que la France attendait fr\u00e9n\u00e9tiquement, impatiemment et fi\u00e9vreusement depuis 24 ans, soit la deuxi\u00e8me plus longue disette pour le foot tricolore.<\/p>\n<p>Alors que, gr\u00e2ce \u00e0 Raymond Kopa, Jean-Pierre Papin, au tripl\u00e9 de Michel Platini ou au dernier troph\u00e9e, remport\u00e9 par Zinedine Zidane, les Bleus ont longtemps compt\u00e9 dans l&#8217;histoire de la r\u00e9compense, r\u00e9coltant m\u00eame un tiers des Ballons d&#8217;Or entre 1983 et 1998, le sacre attendu de Karim Benzema met fin ce lundi \u00e0 une infernale disette.<\/p>\n<p>Le Madril\u00e8ne est devenu officiellement le cinqui\u00e8me Fran\u00e7ais \u00e0 remporter la r\u00e9compense individuelle supr\u00eame, c&#8217;est lui qui succ\u00e8de \u00e0 Zidane et tisse un peu plus une filiation \u00e9vidente avec son ancien coach et mentor. Et c&#8217;est Zizou, justement, qui lui a remis le pr\u00e9cieux troph\u00e9e ce lundi au th\u00e9\u00e2tre du Ch\u00e2telet. Difficile de faire plus beau symbole.<\/p>\n<p>Eurosport Par Martin Mosnier via cridem<\/p>\n","protected":false},"excerpt":{"rendered":"<p>Voil\u00e0 quasiment un quart de si\u00e8cle que la France n&#8217;avait plus remport\u00e9 le Ballon d&#8217;Or. Karim Benzema, ancien paria devenu fiert\u00e9 nationale, devient le cinqui\u00e8me fran\u00e7ais \u00e0 le soulever et met fin \u00e0 une interminable attente ponctu\u00e9e d&#8217;immenses d\u00e9sillusions, de Thierry Henry \u00e0 Franck Rib\u00e9ry. KB9 a r\u00e9ussi l\u00e0 o\u00f9 tant de Bleus, et non &hellip;<\/p>\n","protected":false},"author":2,"featured_media":2490,"comment_status":"open","ping_status":"open","sticky":false,"template":"","format":"standard","meta":{"footnotes":""},"categories":[17],"tags":[],"class_list":["post-2489","post","type-post","status-publish","format-standard","has-post-thumbnail","hentry","category-sports"],"_links":{"self":[{"href":"https:\/\/ladepeche.mr\/index.php?rest_route=\/wp\/v2\/posts\/2489","targetHints":{"allow":["GET"]}}],"collection":[{"href":"https:\/\/ladepeche.mr\/index.php?rest_route=\/wp\/v2\/posts"}],"about":[{"href":"https:\/\/ladepeche.mr\/index.php?rest_route=\/wp\/v2\/types\/post"}],"author":[{"embeddable":true,"href":"https:\/\/ladepeche.mr\/index.php?rest_route=\/wp\/v2\/users\/2"}],"replies":[{"embeddable":true,"href":"https:\/\/ladepeche.mr\/index.php?rest_route=%2Fwp%2Fv2%2Fcomments&post=2489"}],"version-history":[{"count":1,"href":"https:\/\/ladepeche.mr\/index.php?rest_route=\/wp\/v2\/posts\/2489\/revisions"}],"predecessor-version":[{"id":2491,"href":"https:\/\/ladepeche.mr\/index.php?rest_route=\/wp\/v2\/posts\/2489\/revisions\/2491"}],"wp:featuredmedia":[{"embeddable":true,"href":"https:\/\/ladepeche.mr\/index.php?rest_route=\/wp\/v2\/media\/2490"}],"wp:attachment":[{"href":"https:\/\/ladepeche.mr\/index.php?rest_route=%2Fwp%2Fv2%2Fmedia&parent=2489"}],"wp:term":[{"taxonomy":"category","embeddable":true,"href":"https:\/\/ladepeche.mr\/index.php?rest_route=%2Fwp%2Fv2%2Fcategories&post=2489"},{"taxonomy":"post_tag","embeddable":true,"href":"https:\/\/ladepeche.mr\/index.php?rest_route=%2Fwp%2Fv2%2Ftags&post=2489"}],"curies":[{"name":"wp","href":"https:\/\/api.w.org\/{rel}","templated":true}]}}