{"id":2492,"date":"2022-10-18T15:32:59","date_gmt":"2022-10-18T15:32:59","guid":{"rendered":"https:\/\/ladepeche.mr\/?p=2492"},"modified":"2022-10-18T15:33:55","modified_gmt":"2022-10-18T15:33:55","slug":"sahel-mauritanie-la-nouvelle-route-du-coton-malien","status":"publish","type":"post","link":"https:\/\/ladepeche.mr\/?p=2492","title":{"rendered":"Sahel: Mauritanie, la nouvelle route du coton malien"},"content":{"rendered":"<p>Le Mali a repris ses exportations apr\u00e8s l\u2019accord conclu avec la CEDEAO pour un retour \u00e0 l\u2019ordre constitutionnel en 2024. Pour son premier d\u00e9bouch\u00e9, le coton malien se fraie une route vers Nouakchott.<\/p>\n<p>Pour ses exportations de coton, l\u2019exportateur malien utilise d\u00e9sormais la route mauritanienne comme voie d\u2019acheminement de sa production vers l\u2019\u00e9tranger en remplacement du S\u00e9n\u00e9gal et de la C\u00f4te d&#8217;Ivoire dont le circuit ferm\u00e9 pendant la crise politique est aussi consid\u00e9r\u00e9 comme \u00ab lent et couteux \u00bb pour l\u2019op\u00e9rateur malien.<br \/>\nSelon nos confr\u00e8res maliens, le Mali via la CMDT aurait produit 760 000 tonnes m\u00e9triques de coton au cours de la saison agricole 2021-2022 alors que la Sogeco, devrait en exporter au moins 30 000 tonnes.<br \/>\nLe Mali est consid\u00e9r\u00e9 comme l\u2019un des principaux producteurs-exportateurs de coton d\u2019Afrique. Ses autorit\u00e9s de transition appr\u00e9cieraient, enfin, la position de la Mauritanie lors de la crise politique avec les autres pays de la sous-r\u00e9gion li\u00e9 au putsch d&#8217;Assimi Goita.<br \/>\n(avec m\u00e9dia)<\/p>\n","protected":false},"excerpt":{"rendered":"<p>Le Mali a repris ses exportations apr\u00e8s l\u2019accord conclu avec la CEDEAO pour un retour \u00e0 l\u2019ordre constitutionnel en 2024. Pour son premier d\u00e9bouch\u00e9, le coton malien se fraie une route vers Nouakchott. Pour ses exportations de coton, l\u2019exportateur malien utilise d\u00e9sormais la route mauritanienne comme voie d\u2019acheminement de sa production vers l\u2019\u00e9tranger en remplacement &hellip;<\/p>\n","protected":false},"author":2,"featured_media":2493,"comment_status":"open","ping_status":"open","sticky":false,"template":"","format":"standard","meta":{"footnotes":""},"categories":[18,2,28],"tags":[],"class_list":["post-2492","post","type-post","status-publish","format-standard","has-post-thumbnail","hentry","category-actualites","category-economie","category-sahel"],"_links":{"self":[{"href":"https:\/\/ladepeche.mr\/index.php?rest_route=\/wp\/v2\/posts\/2492","targetHints":{"allow":["GET"]}}],"collection":[{"href":"https:\/\/ladepeche.mr\/index.php?rest_route=\/wp\/v2\/posts"}],"about":[{"href":"https:\/\/ladepeche.mr\/index.php?rest_route=\/wp\/v2\/types\/post"}],"author":[{"embeddable":true,"href":"https:\/\/ladepeche.mr\/index.php?rest_route=\/wp\/v2\/users\/2"}],"replies":[{"embeddable":true,"href":"https:\/\/ladepeche.mr\/index.php?rest_route=%2Fwp%2Fv2%2Fcomments&post=2492"}],"version-history":[{"count":2,"href":"https:\/\/ladepeche.mr\/index.php?rest_route=\/wp\/v2\/posts\/2492\/revisions"}],"predecessor-version":[{"id":2495,"href":"https:\/\/ladepeche.mr\/index.php?rest_route=\/wp\/v2\/posts\/2492\/revisions\/2495"}],"wp:featuredmedia":[{"embeddable":true,"href":"https:\/\/ladepeche.mr\/index.php?rest_route=\/wp\/v2\/media\/2493"}],"wp:attachment":[{"href":"https:\/\/ladepeche.mr\/index.php?rest_route=%2Fwp%2Fv2%2Fmedia&parent=2492"}],"wp:term":[{"taxonomy":"category","embeddable":true,"href":"https:\/\/ladepeche.mr\/index.php?rest_route=%2Fwp%2Fv2%2Fcategories&post=2492"},{"taxonomy":"post_tag","embeddable":true,"href":"https:\/\/ladepeche.mr\/index.php?rest_route=%2Fwp%2Fv2%2Ftags&post=2492"}],"curies":[{"name":"wp","href":"https:\/\/api.w.org\/{rel}","templated":true}]}}