{"id":2500,"date":"2022-10-19T12:44:11","date_gmt":"2022-10-19T12:44:11","guid":{"rendered":"https:\/\/ladepeche.mr\/?p=2500"},"modified":"2022-10-19T13:00:06","modified_gmt":"2022-10-19T13:00:06","slug":"international-la-france-et-nous","status":"publish","type":"post","link":"https:\/\/ladepeche.mr\/?p=2500","title":{"rendered":"International: la France et Nous!"},"content":{"rendered":"<p>Tant\u00f4t incestueuse, tant\u00f4t passionnelle, toujours pol\u00e9mique, la relation de la France avec ses anciennes colonies traverse aujourd\u2019hui une aire de turbulence.<br \/>\nA la limite du tumulte, la relation historique &#8211; pourtant paradoxale jusqu\u2019\u00e0 l\u2019ambigu\u00eft\u00e9 totale- de la France avec l\u2019Afrique, n\u2019a pas encore donn\u00e9 tout le secret de son \u00e9bullition. Est bien malin d\u2019ailleurs qui sait percer le myst\u00e8re de cette relation qui tangue entre l\u2019osmose sereine et le divorce fracassant, dans ce couple \u00e0 maints visages.<br \/>\nLa d\u00e9cision de la France d\u2019interdire d\u2019entr\u00e9e et de s\u00e9jour sur son territoire de Nathalie Yamb relance encore le d\u00e9bat sur la question dialectique entre la France et ses anciennes colonies et plus g\u00e9n\u00e9ralement d\u2019ailleurs entre tous les anciens colonisateurs europ\u00e9ens.<br \/>\nLe complexe (ou la complexit\u00e9) de la d\u00e9colonisation a travers\u00e9 l\u2019histoire r\u00e9cente sans en baliser les contours de communaut\u00e9 de destin. Or, malheureusement, la France officielle reste incapable de se regarder dans le miroir. Elle se verrait tr\u00e8s laide, pensent ses contradicteurs.  Beaucoup de pans d\u2019histoires inassum\u00e9es volontairement rel\u00e9gu\u00e9es \u00e0 l\u2019oubli. Cette politique de l\u2019autruche a, sans nul doute, cr\u00e9\u00e9 des suspicions, g\u00e9n\u00e9r\u00e9 des incompr\u00e9hensions et pourri la confiance des gouvernements et des populations.<br \/>\nPour colmater les br\u00e8ches b\u00e9antes de la d\u00e9colonisation, la France \u2013et tous les anciens colons europ\u00e9ens- a encore s\u00e9vi par le maintien d\u2019un pr\u00e9-carr\u00e9 dans une logique strat\u00e9gique pour faire main basse sur les richesses nationales de ses anciennes colonies. Face au rempart psychologique qui, petit \u00e0 petit, se dressait, avec elle, cette France-l\u00e0 a bien occult\u00e9 le d\u00e9sir des africains sous sa coupe de vivre dignes, ind\u00e9pendants&#8230; En continuant \u00e0 couver cette logique implacable, la France officielle, toujours elle, a cr\u00e9\u00e9 le germe d\u2019une contestation d\u2019un h\u00e9ritage francophone commun auquel continuent de s\u2019accrocher des centaines de millions d\u2019africains.<br \/>\nA ce constat, il faut, pour l\u2019honn\u00eatet\u00e9, ajouter chez les africains que nous sommes la recherche effr\u00e9n\u00e9e du bouc-\u00e9missaire. La France terre de Lumi\u00e8res et d\u2019asile a accueilli des millions d\u2019enfants d\u2019Afrique et a donn\u00e9, pour certains, les moyens de leur \u00e9mancipation politique et \u00e9conomique. Beaucoup plus d\u2019ailleurs de droits qu\u2019ils n\u2019auraient jamais eus chez eux. Les anciens pays colons ont trouv\u00e9 quelque part des ressorts pour entretenir et faire int\u00e9grer des populations venues d\u2019anciennes d\u00e9pendances ou n\u00e9es sur leurs territoires. M\u00eame si la France continuait d\u2019\u00eatre emp\u00eatr\u00e9e dans l\u2019instabilit\u00e9 politique sur le Continent et que certains pourraient pr\u00e9tendre qu\u2019elle donnait de la main droite ce qu\u2019elle reprenait de la gauche, elle a permis \u00e0 nombre des enfants d\u2019Afrique d\u2019\u00abapprendre (\u2026) l&#8217;art de vaincre sans avoir raison\u00bb*. L\u2019histoire b\u00e9gaye, dit-on. Beaucoup d\u2019africains retrouvent soudainement la m\u00e9moire et s\u2019\u00e9rigent en panafricanistes juste pour soutenir des potentats qu\u2019ils risquent de vouer aux g\u00e9monies au futur putsch. Ils participent sciemment au jeu d\u2019influence de forces \u00e9trang\u00e8res sur le Continent et prennent bien s\u00fbr r\u00f4le de pions sur l\u2019\u00e9chiquier. C\u2019est aujourd\u2019hui l\u2019une des principales raisons de tant de haine et d\u2019attaques contre la France. Celle-ci connait actuellement des rapports sont bien envenim\u00e9s avec l&#8217;Afrique et \u00e0 cause de la multiplicit\u00e9 des coups d\u2019Etat dans notre sous-r\u00e9gion. Mais il faut reconnaitre \u00e9galement l\u2019attitude ambigu\u00eb de la France qui, parfois, condamne, et d\u2019autres fois, soutient avec la derni\u00e8re \u00e9nergie les r\u00e9volutions de palais africains. Tant que les relations politiques France-Afrique ne sont pas assainies, elles seront toujours entach\u00e9es par des brebis galeuses.<\/p>\n<p>*L\u2019Aventure ambigu\u00eb de Cheikh Hamidou Kane<\/p>\n","protected":false},"excerpt":{"rendered":"<p>Tant\u00f4t incestueuse, tant\u00f4t passionnelle, toujours pol\u00e9mique, la relation de la France avec ses anciennes colonies traverse aujourd\u2019hui une aire de turbulence. A la limite du tumulte, la relation historique &#8211; pourtant paradoxale jusqu\u2019\u00e0 l\u2019ambigu\u00eft\u00e9 totale- de la France avec l\u2019Afrique, n\u2019a pas encore donn\u00e9 tout le secret de son \u00e9bullition. Est bien malin d\u2019ailleurs qui &hellip;<\/p>\n","protected":false},"author":2,"featured_media":2501,"comment_status":"open","ping_status":"open","sticky":false,"template":"","format":"standard","meta":{"footnotes":""},"categories":[18,29],"tags":[],"class_list":["post-2500","post","type-post","status-publish","format-standard","has-post-thumbnail","hentry","category-actualites","category-monde"],"_links":{"self":[{"href":"https:\/\/ladepeche.mr\/index.php?rest_route=\/wp\/v2\/posts\/2500","targetHints":{"allow":["GET"]}}],"collection":[{"href":"https:\/\/ladepeche.mr\/index.php?rest_route=\/wp\/v2\/posts"}],"about":[{"href":"https:\/\/ladepeche.mr\/index.php?rest_route=\/wp\/v2\/types\/post"}],"author":[{"embeddable":true,"href":"https:\/\/ladepeche.mr\/index.php?rest_route=\/wp\/v2\/users\/2"}],"replies":[{"embeddable":true,"href":"https:\/\/ladepeche.mr\/index.php?rest_route=%2Fwp%2Fv2%2Fcomments&post=2500"}],"version-history":[{"count":3,"href":"https:\/\/ladepeche.mr\/index.php?rest_route=\/wp\/v2\/posts\/2500\/revisions"}],"predecessor-version":[{"id":2504,"href":"https:\/\/ladepeche.mr\/index.php?rest_route=\/wp\/v2\/posts\/2500\/revisions\/2504"}],"wp:featuredmedia":[{"embeddable":true,"href":"https:\/\/ladepeche.mr\/index.php?rest_route=\/wp\/v2\/media\/2501"}],"wp:attachment":[{"href":"https:\/\/ladepeche.mr\/index.php?rest_route=%2Fwp%2Fv2%2Fmedia&parent=2500"}],"wp:term":[{"taxonomy":"category","embeddable":true,"href":"https:\/\/ladepeche.mr\/index.php?rest_route=%2Fwp%2Fv2%2Fcategories&post=2500"},{"taxonomy":"post_tag","embeddable":true,"href":"https:\/\/ladepeche.mr\/index.php?rest_route=%2Fwp%2Fv2%2Ftags&post=2500"}],"curies":[{"name":"wp","href":"https:\/\/api.w.org\/{rel}","templated":true}]}}