{"id":2505,"date":"2022-10-19T13:09:43","date_gmt":"2022-10-19T13:09:43","guid":{"rendered":"https:\/\/ladepeche.mr\/?p=2505"},"modified":"2022-10-19T13:09:43","modified_gmt":"2022-10-19T13:09:43","slug":"forum-international-de-dakar-sur-la-paix-et-la-securite-en-afrique-communique-de-presse","status":"publish","type":"post","link":"https:\/\/ladepeche.mr\/?p=2505","title":{"rendered":"Forum International de Dakar sur la Paix et la S\u00e9curit\u00e9 en Afrique -COMMUNIQU\u00c9 DE PRESSE"},"content":{"rendered":"<p>Forum International de Dakar sur la Paix et la S\u00e9curit\u00e9 en Afrique : dirigeants politiques, experts et repr\u00e9sentants du secteur priv\u00e9 se r\u00e9uniront pour la 8\u00e8me \u00e9dition, les 24 et 25 octobre 2022<\/p>\n<p>Dakar, le 19 octobre 2022 \u2013 La 8\u00e8me \u00e9dition du Forum International de Dakar sur la Paix et la S\u00e9curit\u00e9 en Afrique se tiendra du 24 au 25 octobre 2022 au Centre International de Conf\u00e9rences Abdou Diouf (CICAD) sous le th\u00e8me \u00ab L\u2019Afrique \u00e0 l\u2019\u00e9preuve des chocs exog\u00e8nes : d\u00e9fis de stabilit\u00e9 et de souverainet\u00e9s \u00bb, en pr\u00e9sence de plusieurs chefs d\u2019\u00c9tat et de membres de Gouvernement ainsi que de dirigeants d\u2019institutions internationales, non gouvernementales et du secteur priv\u00e9.<\/p>\n<p>Cette 8\u00e8me \u00e9dition mettra tout particuli\u00e8rement \u00e0 l\u2019honneur l\u2019Afrique lusophone avec une pr\u00e9sence institutionnelle de haut niveau de l\u2019Angola, du Cap-Vert et de la Guin\u00e9e-Bissau. Partenaires historiques du Forum, la France et le Japon seront repr\u00e9sent\u00e9s. Seront \u00e9galement pr\u00e9sentes des d\u00e9l\u00e9gations internationales &#8211; avec entre autres l\u2019Arabie saoudite, la Turquie, l\u2019Inde, la Gambie, le Mali, le Soudan et les \u00c9tats-Unis \u2013 ainsi que des organisations comme l\u2019UEMOA, la CEDEAO et l\u2019OTAN.<\/p>\n<p>\u200b\u200bLes diff\u00e9rentes pl\u00e9ni\u00e8res et ateliers th\u00e9matiques r\u00e9uniront plus de 300 participants &#8211; dirigeants africains et internationaux, chefs d\u2019entreprise, bailleurs de fonds institutionnels et experts de haut niveau. Leurs \u00e9changes permettront de formuler des r\u00e9ponses aux crises que l\u2019Afrique conna\u00eet, en faveur du d\u00e9veloppement du continent et du bien-\u00eatre des populations. En plus du panel de haut niveau qui r\u00e9unira les chefs d\u2019\u00c9tats autour des d\u00e9fis de stabilit\u00e9 et de souverainet\u00e9s du continent, deux th\u00e9matiques fortes seront trait\u00e9es lors des s\u00e9ances pl\u00e9ni\u00e8res : <\/p>\n<p>La 1\u00e8re Pl\u00e9ni\u00e8re aura pour objet l\u2019Autonomisation strat\u00e9gique du continent dans le domaine de la s\u00e9curit\u00e9. L\u2019occasion de d\u00e9battre du bilan et des orientations strat\u00e9giques \u00e0 poursuivre afin de favoriser davantage l\u2019autonomie s\u00e9curitaire de l\u2019Union Africaine et des organisations r\u00e9gionales du continent.<br \/>\nLa 2nde Pl\u00e9ni\u00e8re traitera des Crises globales et souverainet\u00e9s en Afrique, avec pour objectif de dessiner les contours de nouveaux mod\u00e8les de souverainet\u00e9s africains, plus r\u00e9silients, afin de permettre aux \u00c9tats de faire face plus efficacement aux cons\u00e9quences des crises internationales.<br \/>\nOrganis\u00e9 conjointement par le Minist\u00e8re des Affaires \u00c9trang\u00e8res et des S\u00e9n\u00e9galais de l\u2019Ext\u00e9rieur (MAESE) et le Centre des Hautes \u00c9tudes de D\u00e9fense et de S\u00e9curit\u00e9 (CHEDS), le Forum se d\u00e9roulera cette ann\u00e9e avec le soutien de ses partenaires priv\u00e9s &#8211; Arquus, Airbus, Vicat Sococim industries, Summa et Avisa Partners \u2013 et m\u00e9dias \u2013 TV5 Monde &#038; CNBC Africa.<\/p>\n<p>Pour participer \u00e0 la 8\u00e8me \u00e9dition du Forum International de Dakar sur la Paix et la S\u00e9curit\u00e9 en Afrique, vous pouvez d\u00e9poser une demande d&#8217;inscription \u00e0 l\u2019adresse suivante : dakar@registration.dakarforum.org<\/p>\n<p>Contacts presse <\/p>\n<p>Nicolas Van Gossum : nicolas.van-gossum@avisa-partners.com &#8211; +33651884300<\/p>\n<p>Jade Gerson : jade.gerson@avisa-partners.com &#8211; +33650757568<\/p>\n","protected":false},"excerpt":{"rendered":"<p>Forum International de Dakar sur la Paix et la S\u00e9curit\u00e9 en Afrique : dirigeants politiques, experts et repr\u00e9sentants du secteur priv\u00e9 se r\u00e9uniront pour la 8\u00e8me \u00e9dition, les 24 et 25 octobre 2022 Dakar, le 19 octobre 2022 \u2013 La 8\u00e8me \u00e9dition du Forum International de Dakar sur la Paix et la S\u00e9curit\u00e9 en Afrique &hellip;<\/p>\n","protected":false},"author":2,"featured_media":2506,"comment_status":"open","ping_status":"open","sticky":false,"template":"","format":"standard","meta":{"footnotes":""},"categories":[29,28],"tags":[],"class_list":["post-2505","post","type-post","status-publish","format-standard","has-post-thumbnail","hentry","category-monde","category-sahel"],"_links":{"self":[{"href":"https:\/\/ladepeche.mr\/index.php?rest_route=\/wp\/v2\/posts\/2505","targetHints":{"allow":["GET"]}}],"collection":[{"href":"https:\/\/ladepeche.mr\/index.php?rest_route=\/wp\/v2\/posts"}],"about":[{"href":"https:\/\/ladepeche.mr\/index.php?rest_route=\/wp\/v2\/types\/post"}],"author":[{"embeddable":true,"href":"https:\/\/ladepeche.mr\/index.php?rest_route=\/wp\/v2\/users\/2"}],"replies":[{"embeddable":true,"href":"https:\/\/ladepeche.mr\/index.php?rest_route=%2Fwp%2Fv2%2Fcomments&post=2505"}],"version-history":[{"count":1,"href":"https:\/\/ladepeche.mr\/index.php?rest_route=\/wp\/v2\/posts\/2505\/revisions"}],"predecessor-version":[{"id":2507,"href":"https:\/\/ladepeche.mr\/index.php?rest_route=\/wp\/v2\/posts\/2505\/revisions\/2507"}],"wp:featuredmedia":[{"embeddable":true,"href":"https:\/\/ladepeche.mr\/index.php?rest_route=\/wp\/v2\/media\/2506"}],"wp:attachment":[{"href":"https:\/\/ladepeche.mr\/index.php?rest_route=%2Fwp%2Fv2%2Fmedia&parent=2505"}],"wp:term":[{"taxonomy":"category","embeddable":true,"href":"https:\/\/ladepeche.mr\/index.php?rest_route=%2Fwp%2Fv2%2Fcategories&post=2505"},{"taxonomy":"post_tag","embeddable":true,"href":"https:\/\/ladepeche.mr\/index.php?rest_route=%2Fwp%2Fv2%2Ftags&post=2505"}],"curies":[{"name":"wp","href":"https:\/\/api.w.org\/{rel}","templated":true}]}}