{"id":2508,"date":"2022-10-19T15:39:12","date_gmt":"2022-10-19T15:39:12","guid":{"rendered":"https:\/\/ladepeche.mr\/?p=2508"},"modified":"2022-10-19T15:39:12","modified_gmt":"2022-10-19T15:39:12","slug":"mohamed-abdelaziz-sur-france24-je-prefererais-etre-juge-equitablement-pour-prouver-mon-innocence","status":"publish","type":"post","link":"https:\/\/ladepeche.mr\/?p=2508","title":{"rendered":"MOhamed Abdelaziz sur France24: \u00ab\u00a0Je pr\u00e9f\u00e9rerais \u00eatre jug\u00e9 \u00e9quitablement pour prouver mon innocence\u00a0\u00bb"},"content":{"rendered":"<p>L\u2019ancien pr\u00e9sident Mohamed Ould Abdelaziz, invit\u00e9 mercredi sur France24, est revenu sur son dossier judiciaire attestant de son d\u00e9sir d\u2019un proc\u00e8s \u00e9quitable afin de pouvoir \u00abprouver\u00a0\u00bb son innocence devant tout le monde.<br \/>\nL\u2019ancien pr\u00e9sident qui estime que son dossier judiciaire cache mal un harc\u00e8lement politique visant \u00e0 l\u2019emp\u00eacher de s\u2019exprimer librement pense que ce n\u2019est pas forc\u00e9ment le pr\u00e9sident actuel, MOhamed Ould Ghazaouni qui lui chercherait noise mais \u00ab\u00a0plut\u00f4t des gens que j&#8217;ai affront\u00e9s politiquement pour le bien du pays\u00a0\u00bb; sans pr\u00e9ciser de qui il s\u2019agissait. Interpel\u00e9 sur les charges retenues contre lui, l\u2019ancien pr\u00e9sident a r\u00e9torqu\u00e9 que ces accusations \u00e9taient injustifi\u00e9es et ne r\u00e9sistaient pas \u00e0 la v\u00e9rification. \u00ab\u00a0Je n&#8217;ai jamais dit que je suis pauvre et j&#8217;ai de l&#8217;argent et je l&#8217;ai d\u00e9clar\u00e9 l\u00e9galement\u00a0\u00bb devant les institutions en charge de les recevoir a-t-il dit.<br \/>\nS\u2019agissant de sa d\u00e9claration sur un putsch en Mauritanie, Ould Abdelaziz a indiqu\u00e9 qu\u2019il y a eu une interpr\u00e9tation \u00abtendancieuse\u00a0\u00bb de ses et qu\u2019il \u00e9tait oppos\u00e9 aux coups d\u2019Etat comme moyen d\u2019acc\u00e9der au pouvoir. \u00ab\u00a0Mes propos ont \u00e9t\u00e9 d\u00e9lib\u00e9r\u00e9ment d\u00e9form\u00e9s par certains, j&#8217;ai dit que la situation est mauvaise et donc que rien n\u2019est exclu\u00a0\u00bb.<br \/>\nL\u2019ancien pr\u00e9sident a enfin affirm\u00e9 regagner bient\u00f4t son pays, rejetant toute id\u00e9e d\u2019exil: \u00ab\u00a0Je rentrerai en Mauritanie dans une semaine ou deux, et je n&#8217;ai pas demand\u00e9 l&#8217;asile en France, et je n&#8217;ai pas eu de rencontres officielles, mais plut\u00f4t des rencontres avec la communaut\u00e9 mauritanienne\u00a0\u00bb.<\/p>\n","protected":false},"excerpt":{"rendered":"<p>L\u2019ancien pr\u00e9sident Mohamed Ould Abdelaziz, invit\u00e9 mercredi sur France24, est revenu sur son dossier judiciaire attestant de son d\u00e9sir d\u2019un proc\u00e8s \u00e9quitable afin de pouvoir \u00abprouver\u00a0\u00bb son innocence devant tout le monde. L\u2019ancien pr\u00e9sident qui estime que son dossier judiciaire cache mal un harc\u00e8lement politique visant \u00e0 l\u2019emp\u00eacher de s\u2019exprimer librement pense que ce n\u2019est &hellip;<\/p>\n","protected":false},"author":2,"featured_media":2510,"comment_status":"open","ping_status":"open","sticky":false,"template":"","format":"standard","meta":{"footnotes":""},"categories":[18,29],"tags":[],"class_list":["post-2508","post","type-post","status-publish","format-standard","has-post-thumbnail","hentry","category-actualites","category-monde"],"_links":{"self":[{"href":"https:\/\/ladepeche.mr\/index.php?rest_route=\/wp\/v2\/posts\/2508","targetHints":{"allow":["GET"]}}],"collection":[{"href":"https:\/\/ladepeche.mr\/index.php?rest_route=\/wp\/v2\/posts"}],"about":[{"href":"https:\/\/ladepeche.mr\/index.php?rest_route=\/wp\/v2\/types\/post"}],"author":[{"embeddable":true,"href":"https:\/\/ladepeche.mr\/index.php?rest_route=\/wp\/v2\/users\/2"}],"replies":[{"embeddable":true,"href":"https:\/\/ladepeche.mr\/index.php?rest_route=%2Fwp%2Fv2%2Fcomments&post=2508"}],"version-history":[{"count":1,"href":"https:\/\/ladepeche.mr\/index.php?rest_route=\/wp\/v2\/posts\/2508\/revisions"}],"predecessor-version":[{"id":2509,"href":"https:\/\/ladepeche.mr\/index.php?rest_route=\/wp\/v2\/posts\/2508\/revisions\/2509"}],"wp:featuredmedia":[{"embeddable":true,"href":"https:\/\/ladepeche.mr\/index.php?rest_route=\/wp\/v2\/media\/2510"}],"wp:attachment":[{"href":"https:\/\/ladepeche.mr\/index.php?rest_route=%2Fwp%2Fv2%2Fmedia&parent=2508"}],"wp:term":[{"taxonomy":"category","embeddable":true,"href":"https:\/\/ladepeche.mr\/index.php?rest_route=%2Fwp%2Fv2%2Fcategories&post=2508"},{"taxonomy":"post_tag","embeddable":true,"href":"https:\/\/ladepeche.mr\/index.php?rest_route=%2Fwp%2Fv2%2Ftags&post=2508"}],"curies":[{"name":"wp","href":"https:\/\/api.w.org\/{rel}","templated":true}]}}