{"id":2514,"date":"2022-10-20T11:09:33","date_gmt":"2022-10-20T11:09:33","guid":{"rendered":"https:\/\/ladepeche.mr\/?p=2514"},"modified":"2022-10-20T11:09:33","modified_gmt":"2022-10-20T11:09:33","slug":"bouamattou-vs-bechir-le-dessous-de-laffaire","status":"publish","type":"post","link":"https:\/\/ladepeche.mr\/?p=2514","title":{"rendered":"Bouamattou vs Bechir: Le dessous de l\u2019affaire"},"content":{"rendered":"<p> Selon la derni\u00e8re livraison de \u00ab\u00a0Jeune Afrique\u00a0\u00bb le fonds de l\u2019affaire jeudi 13 octobre 2022, de l\u2019homme d\u2019affaires, B\u00e9chir Moulaye El Hassen, fils du patron de Comatel, second actionnaire de Mattel, serait li\u00e9 \u00e0 une affaire de \u00abplusieurs prestations de Consulting fournies \u00e0 sa soci\u00e9t\u00e9 et factur\u00e9es 300.000 euros \u00e0 Mattel dans le cadre de plusieurs projets de cession de l\u2019op\u00e9rateur mauritanien entre 2012 et 2016\u00a0\u00bb. Relax\u00e9 apr\u00e8s son interpellation par la police \u00e0 la suite \u00e0 une plainte de Mohamed Ould Bouamatou, Bechir Ould Moulaye El Hassen avait \u00e9t\u00e9 entendu par les enqu\u00eateurs de la police.<br \/>\nL\u2019affaire consid\u00e9r\u00e9e comme rocambolesque entre les cousins actionnaires a pris de court l\u2019opinion pour qui Bouamatou et Moulaye El Hassen \u00e9taient jusqu\u2019ici consid\u00e9r\u00e9s au-del\u00e0 de leurs partenariats comme des \u00abamis proches\u00a0\u00bb. Cette affaire va, sans doute, assombrir d\u2019un nuage les relations entre les deux hommes.<br \/>\nMattel, premier op\u00e9rateur de t\u00e9l\u00e9phonie cellulaire en Mauritanie et qui fait depuis quelques temps l\u2019objet d\u2019une tentative de cession de parts est d\u00e9tenue, rappelle-t-on, par trois actionnaires principaux que sont Tunisie Telecom (51%), BSA t\u00e9l\u00e9communication de Mohamed Bouamattou (24,5%) et Comatel de Moulaye El Hassen (24.5%).<\/p>\n","protected":false},"excerpt":{"rendered":"<p>Selon la derni\u00e8re livraison de \u00ab\u00a0Jeune Afrique\u00a0\u00bb le fonds de l\u2019affaire jeudi 13 octobre 2022, de l\u2019homme d\u2019affaires, B\u00e9chir Moulaye El Hassen, fils du patron de Comatel, second actionnaire de Mattel, serait li\u00e9 \u00e0 une affaire de \u00abplusieurs prestations de Consulting fournies \u00e0 sa soci\u00e9t\u00e9 et factur\u00e9es 300.000 euros \u00e0 Mattel dans le cadre de &hellip;<\/p>\n","protected":false},"author":2,"featured_media":2515,"comment_status":"open","ping_status":"open","sticky":false,"template":"","format":"standard","meta":{"footnotes":""},"categories":[18,2],"tags":[],"class_list":["post-2514","post","type-post","status-publish","format-standard","has-post-thumbnail","hentry","category-actualites","category-economie"],"_links":{"self":[{"href":"https:\/\/ladepeche.mr\/index.php?rest_route=\/wp\/v2\/posts\/2514","targetHints":{"allow":["GET"]}}],"collection":[{"href":"https:\/\/ladepeche.mr\/index.php?rest_route=\/wp\/v2\/posts"}],"about":[{"href":"https:\/\/ladepeche.mr\/index.php?rest_route=\/wp\/v2\/types\/post"}],"author":[{"embeddable":true,"href":"https:\/\/ladepeche.mr\/index.php?rest_route=\/wp\/v2\/users\/2"}],"replies":[{"embeddable":true,"href":"https:\/\/ladepeche.mr\/index.php?rest_route=%2Fwp%2Fv2%2Fcomments&post=2514"}],"version-history":[{"count":1,"href":"https:\/\/ladepeche.mr\/index.php?rest_route=\/wp\/v2\/posts\/2514\/revisions"}],"predecessor-version":[{"id":2516,"href":"https:\/\/ladepeche.mr\/index.php?rest_route=\/wp\/v2\/posts\/2514\/revisions\/2516"}],"wp:featuredmedia":[{"embeddable":true,"href":"https:\/\/ladepeche.mr\/index.php?rest_route=\/wp\/v2\/media\/2515"}],"wp:attachment":[{"href":"https:\/\/ladepeche.mr\/index.php?rest_route=%2Fwp%2Fv2%2Fmedia&parent=2514"}],"wp:term":[{"taxonomy":"category","embeddable":true,"href":"https:\/\/ladepeche.mr\/index.php?rest_route=%2Fwp%2Fv2%2Fcategories&post=2514"},{"taxonomy":"post_tag","embeddable":true,"href":"https:\/\/ladepeche.mr\/index.php?rest_route=%2Fwp%2Fv2%2Ftags&post=2514"}],"curies":[{"name":"wp","href":"https:\/\/api.w.org\/{rel}","templated":true}]}}