{"id":2530,"date":"2022-10-20T20:03:48","date_gmt":"2022-10-20T20:03:48","guid":{"rendered":"https:\/\/ladepeche.mr\/?p=2530"},"modified":"2022-10-20T20:03:48","modified_gmt":"2022-10-20T20:03:48","slug":"communique-du-conseil-des-ministres-du-jeudi-20-octobre-2022","status":"publish","type":"post","link":"https:\/\/ladepeche.mr\/?p=2530","title":{"rendered":"Communiqu\u00e9 du Conseil des Ministres du Jeudi 20 octobre 2022"},"content":{"rendered":"<p>Le Conseil des Ministres s\u2019est r\u00e9uni le Jeudi 20 octobre 2022 sous la Pr\u00e9sidence de Son Excellence Monsieur le Pr\u00e9sident de la R\u00e9publique Mohamed Ould Cheikh El-Ghazouani.<\/p>\n<p>Le Conseil a examin\u00e9 et adopt\u00e9 les projets de d\u00e9crets suivants :<\/p>\n<p>Projet de d\u00e9cret portant approbation du Contrat d\u2019Exploration-Production sur le Bloc BirAllah du Bassin C\u00f4tier sign\u00e9 le 11 Octobre 2022 entre l\u2019\u00c9tat Mauritanien et les Soci\u00e9t\u00e9s BP, KOSMOS ENERGY et SMH.<\/p>\n<p>Rappelons que la d\u00e9couverte en question faisait partie du bloc C-8 dont les travaux d\u2019exploration ont expir\u00e9 le 15 juin dernier, avant qu\u2019une d\u00e9cision finale d\u2019investissement soit d\u00e9clar\u00e9e. Afin d\u2019acc\u00e9l\u00e9rer la prise de la d\u00e9cision finale d\u2019investissement et d\u2019am\u00e9liorer les conditions du contrat, le d\u00e9partement a engag\u00e9 des discussions avec le contractant pour rentrer dans un nouveau contrat qui capitalise sur le travail d\u00e9j\u00e0 r\u00e9alis\u00e9.<\/p>\n<p>Ainsi, le nouveau Contrat d\u2019Exploration-Production apporte des am\u00e9liorations importantes pour le compte de l\u2019\u00c9tat par rapport \u00e0 l\u2019ancien et par rapport aux contrats existants, \u00e0 savoir :<\/p>\n<p>&#8211; La part de l\u2019\u00c9tat est port\u00e9e \u00e0 29% contre 14% dans le contrat pr\u00e9c\u00e8dent<\/p>\n<p>&#8211; Une phase d\u2019exploration de 30 mois pour aboutir \u00e0 une d\u00e9cision finale d\u2019investissement.<\/p>\n<p>Il importe de souligner que le d\u00e9veloppement de Bir Allah repose de fa\u00e7on critique sur l\u2019\u00e9valuation technique de la capacit\u00e9 du Port de N\u2019Diago, de recevoir et d\u2019abriter les infrastructures du Projet.<\/p>\n<p>-Projet de d\u00e9cret modifiant certaines dispositions du d\u00e9cret n\u00b0 2009-169 du 03 mai 2009 portant cr\u00e9ation d\u2019une compagnie a\u00e9rienne d\u00e9nomm\u00e9e \u00abMauritania Airlines International\u00bb.<\/p>\n<p>Conform\u00e9ment aux dispositions de l\u2019article 06 modifi\u00e9 du pr\u00e9sent d\u00e9cret, et compte tenu de l\u2019importance des missions d\u00e9volues au directeur g\u00e9n\u00e9ral, et de la n\u00e9cessit\u00e9 d\u2019en g\u00e9rer \u00e9troitement les aspects pratiques, le poste de directeur g\u00e9n\u00e9ral adjoint est cr\u00e9\u00e9 afin de l\u2019assister dans l\u2019accomplissement de ces t\u00e2ches.<\/p>\n<p>-Projet de d\u00e9cret portant approbation des modifications apport\u00e9es au statut de Mauritanian Airlines International adopt\u00e9 par le d\u00e9cret n\u00b0 2009-238 du 04 d\u00e9cembre 2009, portant approbation du statut de Mauritanian Airlines International.<\/p>\n<p>La soci\u00e9t\u00e9 Mauritanie Airlines a connu une augmentation du capital de 2.098.999.900 \u00e0 6.867.000.000 MRU, sur la base d\u2019une d\u00e9cision de l\u2019assembl\u00e9e g\u00e9n\u00e9rale qui a tenu sa session extraordinaire les 13 et 14 juillet 2022, ce qui a conduit \u00e0 une nouvelle r\u00e9partition des participants selon leurs actions.<\/p>\n<p>Dans ce cadre, il a \u00e9t\u00e9 \u00e9galement d\u00e9cid\u00e9 de modifier la composition du Conseil d\u2019Administration par la nomination d\u2019un nouveau Pr\u00e9sident, repr\u00e9sentant de l\u2019\u00c9tat, et un nouveau membre au Conseil d\u2019Administration, repr\u00e9sentant le Minist\u00e8re des Affaires \u00c9conomiques et de la Promotion des Secteur Productifs, conform\u00e9ment aux nouvelles modifications apport\u00e9es au statut.<\/p>\n<p>Le Ministre de l\u2019Int\u00e9rieur et de la D\u00e9centralisation, Ministre des Affaires \u00c9trang\u00e8res, de la Coop\u00e9ration et des Mauritaniens de l\u2019Ext\u00e9rieur par Int\u00e9rim a pr\u00e9sent\u00e9 une communication relative \u00e0 la situation internationale.<\/p>\n<p>Le Ministre de l\u2019Int\u00e9rieur et de la D\u00e9centralisation, a pr\u00e9sent\u00e9 une communication relative \u00e0 la situation int\u00e9rieure.<\/p>\n<p>Par ailleurs le Ministre de l\u2019\u00c9ducation Nationale et de la R\u00e9forme du Syst\u00e8me \u00c9ducatif a fait le point sur la situation et les conditions de la pr\u00e9sente rentr\u00e9e scolaire qui marque le d\u00e9but de l\u2019\u00c9cole R\u00e9publicaine. Il a indiqu\u00e9 qu\u2019il y a eu environ 80.000 enfants inscrits en 1ere ann\u00e9e sur toute l\u2019\u00e9tendue du territoire, sur un effectif global attendu de 100.000 \u00e0 110.000.<\/p>\n<p>Aussi, toutes les mesures facilitant le d\u00e9roulement de l\u2019ann\u00e9e sont d\u00e9j\u00e0 prises et seront renforc\u00e9es continuellement. Elles tournent autour de :<\/p>\n<p>\u2013 l\u2019\u00e9laboration des textes d\u2019application de la loi d\u2019orientation ;<\/p>\n<p>\u2013 la r\u00e9habilitation des infrastructures scolaires en collaboration entre l\u2019\u00c9tat et le secteur priv\u00e9 ; et<\/p>\n<p>\u2013 la concertation continue avec tous les acteurs concern\u00e9s.<\/p>\n<p>Enfin, le Conseil a pris la mesure individuelle suivante :<\/p>\n<p>Minist\u00e8re de l\u2019\u00c9ducation Nationale et de la R\u00e9forme du Syst\u00e8me \u00c9ducatif Cabinet du Ministre<\/p>\n<p>Charg\u00e9 de Mission : Mariem Hamed Mohamed Sidi, Professeur, titulaire d\u2019un Master en Droit des Affaires.<br \/>\nAmi<\/p>\n","protected":false},"excerpt":{"rendered":"<p>Le Conseil des Ministres s\u2019est r\u00e9uni le Jeudi 20 octobre 2022 sous la Pr\u00e9sidence de Son Excellence Monsieur le Pr\u00e9sident de la R\u00e9publique Mohamed Ould Cheikh El-Ghazouani. Le Conseil a examin\u00e9 et adopt\u00e9 les projets de d\u00e9crets suivants : Projet de d\u00e9cret portant approbation du Contrat d\u2019Exploration-Production sur le Bloc BirAllah du Bassin C\u00f4tier sign\u00e9 &hellip;<\/p>\n","protected":false},"author":2,"featured_media":1382,"comment_status":"open","ping_status":"open","sticky":false,"template":"","format":"standard","meta":{"footnotes":""},"categories":[18],"tags":[],"class_list":["post-2530","post","type-post","status-publish","format-standard","has-post-thumbnail","hentry","category-actualites"],"_links":{"self":[{"href":"https:\/\/ladepeche.mr\/index.php?rest_route=\/wp\/v2\/posts\/2530","targetHints":{"allow":["GET"]}}],"collection":[{"href":"https:\/\/ladepeche.mr\/index.php?rest_route=\/wp\/v2\/posts"}],"about":[{"href":"https:\/\/ladepeche.mr\/index.php?rest_route=\/wp\/v2\/types\/post"}],"author":[{"embeddable":true,"href":"https:\/\/ladepeche.mr\/index.php?rest_route=\/wp\/v2\/users\/2"}],"replies":[{"embeddable":true,"href":"https:\/\/ladepeche.mr\/index.php?rest_route=%2Fwp%2Fv2%2Fcomments&post=2530"}],"version-history":[{"count":1,"href":"https:\/\/ladepeche.mr\/index.php?rest_route=\/wp\/v2\/posts\/2530\/revisions"}],"predecessor-version":[{"id":2531,"href":"https:\/\/ladepeche.mr\/index.php?rest_route=\/wp\/v2\/posts\/2530\/revisions\/2531"}],"wp:featuredmedia":[{"embeddable":true,"href":"https:\/\/ladepeche.mr\/index.php?rest_route=\/wp\/v2\/media\/1382"}],"wp:attachment":[{"href":"https:\/\/ladepeche.mr\/index.php?rest_route=%2Fwp%2Fv2%2Fmedia&parent=2530"}],"wp:term":[{"taxonomy":"category","embeddable":true,"href":"https:\/\/ladepeche.mr\/index.php?rest_route=%2Fwp%2Fv2%2Fcategories&post=2530"},{"taxonomy":"post_tag","embeddable":true,"href":"https:\/\/ladepeche.mr\/index.php?rest_route=%2Fwp%2Fv2%2Ftags&post=2530"}],"curies":[{"name":"wp","href":"https:\/\/api.w.org\/{rel}","templated":true}]}}