{"id":2532,"date":"2022-10-20T20:16:04","date_gmt":"2022-10-20T20:16:04","guid":{"rendered":"https:\/\/ladepeche.mr\/?p=2532"},"modified":"2022-10-20T20:16:04","modified_gmt":"2022-10-20T20:16:04","slug":"le-porte-parole-du-gouvernement-annonce-une-hausse-de-4-milliards-du-capital-de-mauritania-airlinesi","status":"publish","type":"post","link":"https:\/\/ladepeche.mr\/?p=2532","title":{"rendered":"Le porte-parole du gouvernement annonce une hausse de 4 milliards du capital de Mauritania AirlinesI"},"content":{"rendered":"<p>Le ministre de l\u2019\u00c9quipement et des Transports, porte-parole du gouvernement, M. Nani Ould Chrougha, a comment\u00e9, jeudi apr\u00e8s-midi, les r\u00e9sultats du conseil des ministres tenu plus t\u00f4t, dans la matin\u00e9e. A cette occasion, il a pass\u00e9 en revue les d\u00e9cisions prises durant la r\u00e9union hebdomadaire du gouvernement et r\u00e9pondu \u00e0 un certain nombre de questions.<\/p>\n<p>Dans son mot introductif, le porte-parole a indiqu\u00e9 que le conseil des ministres a examin\u00e9 et adopt\u00e9 plusieurs projets de d\u00e9crets et des communications, dont deux projets de d\u00e9crets relatifs \u00e0 la soci\u00e9t\u00e9 Mauritania Airlines (MAI).<\/p>\n<p>Le porte-parole a soulign\u00e9 que ces d\u00e9crets consacrent l\u2019augmentation du capital de la compagnie a\u00e9rienne. Il explique que la MAI a \u00e9t\u00e9 durement touch\u00e9e par les effets n\u00e9fastes du Covid-19, clouant au sol ses appareils pendant un bon bout de temps. A cela s\u2019ajoute des difficult\u00e9s financi\u00e8res anciennes, dont un d\u00e9ficit de pr\u00e8s de 15% du capital. Or, poursuit \u2013il, le seuil maximum est de 5%. D\u2019apr\u00e8s lui, la loi oblige l\u2019\u00c9tat \u00e0 intervenir dans pareille situation.<\/p>\n<p>Pour ce faire, une commission minist\u00e9rielle a \u00e9t\u00e9 constitu\u00e9e et propos\u00e9 la hausse du capital de la soci\u00e9t\u00e9, qui passe d\u00e9sormais de 2 milliards \u00e0 6 milliards d\u2019ouguiyas, a d\u00e9clar\u00e9 le porte-parole. Ceci bouscule l\u2019actionnariat. La nouvelle donne est la suivante : \u00c9tat 75%, Soci\u00e9t\u00e9 Nationale Industrielle et Mini\u00e8re (SNIM) 11,8%, Port autonome de Nouakchott 9,2% et le Port autonome de Nouadhibou d\u00e9tient 3,8% des parts.<\/p>\n<p>Outre la restructuration du capital, le conseil d\u2019administration et l\u2019organigramme de la compagnie nationale d\u2019aviation va lui aussi \u00e9voluer. Le porte-parole n\u2019a cependant pas donn\u00e9 plus pr\u00e9cisions \u00e0 ce sujet.<\/p>\n<p>Par ailleurs, le porte-parole du gouvernement, M. Nani Ould Chrougha a r\u00e9pondu \u00e0 des questions relatives \u00e0 l\u2019ann\u00e9e scolaire 2022-2023. Il a estim\u00e9 que c\u2019est une ann\u00e9e charni\u00e8re qui vient de d\u00e9marrer avec un virage strat\u00e9gique pris par l\u2019\u00c9tat. Il est question selon lui, de b\u00e2tir une \u00e9cole r\u00e9publicaine, notant que des efforts importants sont consentis pour y arriver. Pour illustrer son propos, il a rappel\u00e9 que l\u2019\u00c9tat a r\u00e9ceptionn\u00e9 50 nouveaux \u00e9tablissements scolaires, avec de hautes sp\u00e9cifications techniques. Il a d\u2019ailleurs not\u00e9 que ces \u00e9tablissements r\u00e9partis sur toute l\u2019\u00e9tendue du territoire, disposent de logements pour les directeurs et les gardiens.<\/p>\n<p>Le porte-parole a toutefois soulign\u00e9 que c\u2019est normal de faire face \u00e0 des difficult\u00e9s, lorsqu\u2019on amorce des changements importants. A ce propos, il a \u00e9t\u00e9 interpell\u00e9 sur l\u2019authenticit\u00e9 de la photo qui circule sur les r\u00e9seaux sociaux, montrant un enseignant et des \u00e9l\u00e8ves sous un hangar. Il l\u2019a confirm\u00e9, mais insiste pour situer le contexte. Selon lui, ces enfants issus d\u2019un regroupement de familles, disposaient de deux salles de classes b\u00e2ties. Mais les familles se sont dispers\u00e9es derni\u00e8rement sur de vastes \u00e9tendues. Pour des raisons li\u00e9es \u00e0 la situation g\u00e9ographique, elles ont d\u00e9cid\u00e9 de ne plus retourner \u00e0 l\u2019endroit o\u00f9 elles vivaient initialement, l\u00e0 o\u00f9 se trouve l\u2019\u00e9cole.<\/p>\n<p>Ainsi, elles ont demand\u00e9 de fa\u00e7on non conventionnelle, \u00e0 ce que leurs enfants puissent poursuivre leur scolarit\u00e9, l\u00e0 o\u00f9 ils se sont \u00e9tablis maintenant. L\u2019enseignant a \u00e9t\u00e9 mis devant le fait accompli, d\u2019o\u00f9 la photo qui a \u00e9t\u00e9 relay\u00e9e sur internet. Le porte-parole a cependant pr\u00e9cis\u00e9 que les autorit\u00e9s \u00e9tudient les possibilit\u00e9s qui s\u2019offrent \u00e0 elles, pour cr\u00e9er les meilleures conditions de scolarisation de ces enfants.<\/p>\n<p>Pour ce qui est de la recrudescence des accidents de la route, le porte-parole du gouvernement a relev\u00e9 qu\u2019ils sont souvent li\u00e9s \u00e0 trois \u00e9l\u00e9ments : facteur humain, \u00e9tat des v\u00e9hicules, \u00e9tat des routes. Selon lui, les services concern\u00e9s par l\u2019assainissement et la s\u00e9curit\u00e9 des routes impact\u00e9es par les derni\u00e8res pluies, sont \u00e0 pied d\u2019\u0153uvre pour faire en sorte que les routes soient s\u00fbres. Les conducteurs sont \u00e9galement invit\u00e9s \u00e0 faire preuve de vigilance et de responsabilit\u00e9.<br \/>\nAmi<\/p>\n","protected":false},"excerpt":{"rendered":"<p>Le ministre de l\u2019\u00c9quipement et des Transports, porte-parole du gouvernement, M. Nani Ould Chrougha, a comment\u00e9, jeudi apr\u00e8s-midi, les r\u00e9sultats du conseil des ministres tenu plus t\u00f4t, dans la matin\u00e9e. A cette occasion, il a pass\u00e9 en revue les d\u00e9cisions prises durant la r\u00e9union hebdomadaire du gouvernement et r\u00e9pondu \u00e0 un certain nombre de questions. &hellip;<\/p>\n","protected":false},"author":2,"featured_media":2534,"comment_status":"open","ping_status":"open","sticky":false,"template":"","format":"standard","meta":{"footnotes":""},"categories":[18,2],"tags":[],"class_list":["post-2532","post","type-post","status-publish","format-standard","has-post-thumbnail","hentry","category-actualites","category-economie"],"_links":{"self":[{"href":"https:\/\/ladepeche.mr\/index.php?rest_route=\/wp\/v2\/posts\/2532","targetHints":{"allow":["GET"]}}],"collection":[{"href":"https:\/\/ladepeche.mr\/index.php?rest_route=\/wp\/v2\/posts"}],"about":[{"href":"https:\/\/ladepeche.mr\/index.php?rest_route=\/wp\/v2\/types\/post"}],"author":[{"embeddable":true,"href":"https:\/\/ladepeche.mr\/index.php?rest_route=\/wp\/v2\/users\/2"}],"replies":[{"embeddable":true,"href":"https:\/\/ladepeche.mr\/index.php?rest_route=%2Fwp%2Fv2%2Fcomments&post=2532"}],"version-history":[{"count":2,"href":"https:\/\/ladepeche.mr\/index.php?rest_route=\/wp\/v2\/posts\/2532\/revisions"}],"predecessor-version":[{"id":2535,"href":"https:\/\/ladepeche.mr\/index.php?rest_route=\/wp\/v2\/posts\/2532\/revisions\/2535"}],"wp:featuredmedia":[{"embeddable":true,"href":"https:\/\/ladepeche.mr\/index.php?rest_route=\/wp\/v2\/media\/2534"}],"wp:attachment":[{"href":"https:\/\/ladepeche.mr\/index.php?rest_route=%2Fwp%2Fv2%2Fmedia&parent=2532"}],"wp:term":[{"taxonomy":"category","embeddable":true,"href":"https:\/\/ladepeche.mr\/index.php?rest_route=%2Fwp%2Fv2%2Fcategories&post=2532"},{"taxonomy":"post_tag","embeddable":true,"href":"https:\/\/ladepeche.mr\/index.php?rest_route=%2Fwp%2Fv2%2Ftags&post=2532"}],"curies":[{"name":"wp","href":"https:\/\/api.w.org\/{rel}","templated":true}]}}