{"id":2543,"date":"2022-10-20T21:05:07","date_gmt":"2022-10-20T21:05:07","guid":{"rendered":"https:\/\/ladepeche.mr\/?p=2543"},"modified":"2022-10-20T21:09:04","modified_gmt":"2022-10-20T21:09:04","slug":"sahara-la-belgique-considere-que-le-plan-dautonomie-comme-une-bonne-base-pour-une-solution","status":"publish","type":"post","link":"https:\/\/ladepeche.mr\/?p=2543","title":{"rendered":"Sahara: La Belgique consid\u00e8re que le plan d\u2019autonomie marocain est \u00abune bonne base pour une solution\u00a0\u00bb"},"content":{"rendered":"<p>La Belgique consid\u00e8re le plan d&#8217;autonomie, pr\u00e9sent\u00e9 en 2007 par le Maroc, comme &#8220;une bonne base pour une solution accept\u00e9e par les parties&#8221; concernant la question du Sahara.<\/p>\n<p>Dans une D\u00e9claration conjointe rendue publique \u00e0 l\u2019issue des entretiens, jeudi \u00e0 Rabat, entre le ministre des Affaires \u00e9trang\u00e8res, de la Coop\u00e9ration africaine et des Marocains r\u00e9sidant \u00e0 l\u2019\u00e9tranger, M. Nasser Bourita, et la ministre des Affaires \u00e9trang\u00e8res, des Affaires europ\u00e9ennes et du Commerce ext\u00e9rieur et des Institutions culturelles f\u00e9d\u00e9rales du Royaume de Belgique, Mme Hadja Lahbib, en visite de travail dans le Royaume, &#8220;la Belgique consid\u00e8re le plan d\u2019autonomie, pr\u00e9sent\u00e9 en 2007, comme un effort s\u00e9rieux et cr\u00e9dible du Maroc et comme une bonne base pour une solution accept\u00e9e par les parties&#8221;.<\/p>\n<p>Dans ce cadre, la ministre belge a r\u00e9it\u00e9r\u00e9 le soutien de longue date de la Belgique au processus men\u00e9 par les Nations Unies pour une solution politique juste, durable et mutuellement acceptable pour les parties.<\/p>\n<p>Selon la D\u00e9claration conjointe, les deux ministres sont convenus de l&#8217;exclusivit\u00e9 de l&#8217;ONU dans le processus politique et ont r\u00e9affirm\u00e9 leur soutien \u00e0 la r\u00e9solution 2602 du Conseil de s\u00e9curit\u00e9 de l&#8217;ONU, qui a not\u00e9 le r\u00f4le et la responsabilit\u00e9 des parties dans la recherche d&#8217;une solution politique r\u00e9aliste, pragmatique, durable et fond\u00e9e sur le compromis.<\/p>\n<p>Aussi, le Maroc et la Belgique saluent la nomination de l&#8217;Envoy\u00e9 personnel du Secr\u00e9taire G\u00e9n\u00e9ral des Nations Unies, M. Staffan de Mistura, et r\u00e9affirment leur soutien actif \u00e0 ses efforts pour faire avancer le processus politique sur la base des r\u00e9solutions pertinentes du Conseil de S\u00e9curit\u00e9 des Nations Unies, souligne la D\u00e9claration conjointe.<\/p>\n<p>Par cette position, la Belgique vient ainsi rejoindre la liste des pays europ\u00e9ens qui soutiennent clairement le plan d\u2019autonomie comme l&#8217;Espagne, la France, l&#8217;Allemagne, les Pays-Bas, Chypre, le Luxembourg, la Hongrie, la Roumanie, le Portugal et la Serbie.<\/p>\n","protected":false},"excerpt":{"rendered":"<p>La Belgique consid\u00e8re le plan d&#8217;autonomie, pr\u00e9sent\u00e9 en 2007 par le Maroc, comme &#8220;une bonne base pour une solution accept\u00e9e par les parties&#8221; concernant la question du Sahara. Dans une D\u00e9claration conjointe rendue publique \u00e0 l\u2019issue des entretiens, jeudi \u00e0 Rabat, entre le ministre des Affaires \u00e9trang\u00e8res, de la Coop\u00e9ration africaine et des Marocains r\u00e9sidant &hellip;<\/p>\n","protected":false},"author":2,"featured_media":2546,"comment_status":"open","ping_status":"open","sticky":false,"template":"","format":"standard","meta":{"footnotes":""},"categories":[18,29,1],"tags":[],"class_list":["post-2543","post","type-post","status-publish","format-standard","has-post-thumbnail","hentry","category-actualites","category-monde","category-uncategorized"],"_links":{"self":[{"href":"https:\/\/ladepeche.mr\/index.php?rest_route=\/wp\/v2\/posts\/2543","targetHints":{"allow":["GET"]}}],"collection":[{"href":"https:\/\/ladepeche.mr\/index.php?rest_route=\/wp\/v2\/posts"}],"about":[{"href":"https:\/\/ladepeche.mr\/index.php?rest_route=\/wp\/v2\/types\/post"}],"author":[{"embeddable":true,"href":"https:\/\/ladepeche.mr\/index.php?rest_route=\/wp\/v2\/users\/2"}],"replies":[{"embeddable":true,"href":"https:\/\/ladepeche.mr\/index.php?rest_route=%2Fwp%2Fv2%2Fcomments&post=2543"}],"version-history":[{"count":6,"href":"https:\/\/ladepeche.mr\/index.php?rest_route=\/wp\/v2\/posts\/2543\/revisions"}],"predecessor-version":[{"id":2550,"href":"https:\/\/ladepeche.mr\/index.php?rest_route=\/wp\/v2\/posts\/2543\/revisions\/2550"}],"wp:featuredmedia":[{"embeddable":true,"href":"https:\/\/ladepeche.mr\/index.php?rest_route=\/wp\/v2\/media\/2546"}],"wp:attachment":[{"href":"https:\/\/ladepeche.mr\/index.php?rest_route=%2Fwp%2Fv2%2Fmedia&parent=2543"}],"wp:term":[{"taxonomy":"category","embeddable":true,"href":"https:\/\/ladepeche.mr\/index.php?rest_route=%2Fwp%2Fv2%2Fcategories&post=2543"},{"taxonomy":"post_tag","embeddable":true,"href":"https:\/\/ladepeche.mr\/index.php?rest_route=%2Fwp%2Fv2%2Ftags&post=2543"}],"curies":[{"name":"wp","href":"https:\/\/api.w.org\/{rel}","templated":true}]}}