{"id":2562,"date":"2022-10-22T15:57:46","date_gmt":"2022-10-22T15:57:46","guid":{"rendered":"https:\/\/ladepeche.mr\/?p=2562"},"modified":"2022-10-22T15:57:59","modified_gmt":"2022-10-22T15:57:59","slug":"aminetou-bilal-parmi-la-premiere-cohorte-de-lacademie-des-talents-mediterraneens-atm","status":"publish","type":"post","link":"https:\/\/ladepeche.mr\/?p=2562","title":{"rendered":"Aminetou Bilal, parmi la premi\u00e8re cohorte de l\u2019Acad\u00e9mie des Talents M\u00e9diterran\u00e9ens (ATM)"},"content":{"rendered":"<p>Notre compatritoe Aminetou Bilal, qu\u2019on ne pr\u00e9sente plus, continue son bout de chemin dans l\u2019ascension \u00e0 l\u2019\u00e9chelle internationale. En effet, elle vient d\u2019\u00eatre choisie parmi la premi\u00e8re cohorte du programme d\u2019accompagnement de l\u2019Acad\u00e9mie des Talents M\u00e9diterran\u00e9ens (ATM) dont l\u2019ambition est de cr\u00e9er un \u00abcreuser m\u00e9diterran\u00e9en\u00bb commun o\u00f9 la jeunesse \u00ab engag\u00e9e et cr\u00e9ative \u00bb, contribue pleinement.<br \/>\nCet ambitieux programme d\u2019\u00e9changes et de compr\u00e9hension soutenu par le Campus AFD avec le soutien de StartupBRICS, avait \u00e9t\u00e9 annonc\u00e9 par le pr\u00e9sident Fran\u00e7ais, Emmanuel Macron, le 7 f\u00e9vrier 2022, \u00e0 Marseille, lors du Forum des mondes m\u00e9diterran\u00e9ens.<\/p>\n","protected":false},"excerpt":{"rendered":"<p>Notre compatritoe Aminetou Bilal, qu\u2019on ne pr\u00e9sente plus, continue son bout de chemin dans l\u2019ascension \u00e0 l\u2019\u00e9chelle internationale. En effet, elle vient d\u2019\u00eatre choisie parmi la premi\u00e8re cohorte du programme d\u2019accompagnement de l\u2019Acad\u00e9mie des Talents M\u00e9diterran\u00e9ens (ATM) dont l\u2019ambition est de cr\u00e9er un \u00abcreuser m\u00e9diterran\u00e9en\u00bb commun o\u00f9 la jeunesse \u00ab engag\u00e9e et cr\u00e9ative \u00bb, contribue &hellip;<\/p>\n","protected":false},"author":2,"featured_media":2563,"comment_status":"open","ping_status":"open","sticky":false,"template":"","format":"standard","meta":{"footnotes":""},"categories":[25],"tags":[],"class_list":["post-2562","post","type-post","status-publish","format-standard","has-post-thumbnail","hentry","category-en-forme"],"_links":{"self":[{"href":"https:\/\/ladepeche.mr\/index.php?rest_route=\/wp\/v2\/posts\/2562","targetHints":{"allow":["GET"]}}],"collection":[{"href":"https:\/\/ladepeche.mr\/index.php?rest_route=\/wp\/v2\/posts"}],"about":[{"href":"https:\/\/ladepeche.mr\/index.php?rest_route=\/wp\/v2\/types\/post"}],"author":[{"embeddable":true,"href":"https:\/\/ladepeche.mr\/index.php?rest_route=\/wp\/v2\/users\/2"}],"replies":[{"embeddable":true,"href":"https:\/\/ladepeche.mr\/index.php?rest_route=%2Fwp%2Fv2%2Fcomments&post=2562"}],"version-history":[{"count":1,"href":"https:\/\/ladepeche.mr\/index.php?rest_route=\/wp\/v2\/posts\/2562\/revisions"}],"predecessor-version":[{"id":2564,"href":"https:\/\/ladepeche.mr\/index.php?rest_route=\/wp\/v2\/posts\/2562\/revisions\/2564"}],"wp:featuredmedia":[{"embeddable":true,"href":"https:\/\/ladepeche.mr\/index.php?rest_route=\/wp\/v2\/media\/2563"}],"wp:attachment":[{"href":"https:\/\/ladepeche.mr\/index.php?rest_route=%2Fwp%2Fv2%2Fmedia&parent=2562"}],"wp:term":[{"taxonomy":"category","embeddable":true,"href":"https:\/\/ladepeche.mr\/index.php?rest_route=%2Fwp%2Fv2%2Fcategories&post=2562"},{"taxonomy":"post_tag","embeddable":true,"href":"https:\/\/ladepeche.mr\/index.php?rest_route=%2Fwp%2Fv2%2Ftags&post=2562"}],"curies":[{"name":"wp","href":"https:\/\/api.w.org\/{rel}","templated":true}]}}