{"id":2568,"date":"2022-10-22T16:22:38","date_gmt":"2022-10-22T16:22:38","guid":{"rendered":"https:\/\/ladepeche.mr\/?p=2568"},"modified":"2022-10-22T16:22:38","modified_gmt":"2022-10-22T16:22:38","slug":"istanbul-le-ministre-de-la-culture-assiste-a-louverture-de-la-conference-islamique-des-ministres-de-linformation","status":"publish","type":"post","link":"https:\/\/ladepeche.mr\/?p=2568","title":{"rendered":"Istanbul : Le ministre de la Culture assiste \u00e0 l\u2019ouverture de la Conf\u00e9rence islamique des ministres de l\u2019Information"},"content":{"rendered":"<p>La douzi\u00e8me session de la Conf\u00e9rence islamique des ministres de l\u2019information de l\u2019Organisation de la coop\u00e9ration islamique (OCI) s\u2019est ouverte aujourd\u2019hui, samedi, \u00e0 Istanbul, avec la participation du ministre de la Culture, de la Jeunesse, des Sports et des Relations avec le Parlement, M. Mohamed Ould Soueidatt, et d\u2019un certain nombre de plusieurs des ministres de l\u2019information des \u00c9tats membres de l\u2019OCI.<\/p>\n<p>A l\u2019ouverture de la s\u00e9ance d\u2019ouverture, le Royaume d\u2019Arabie saoudite a transf\u00e9r\u00e9 la pr\u00e9sidence de la conf\u00e9rence \u00e0 la R\u00e9publique de Turquie. A cette occasion, le Dr Majid bin Abdullah Al-Qasabi, ministre en charge de l\u2019Information au Royaume d\u2019Arabie saoudite a prononc\u00e9 un discours dans lequel il a transmis les salutations du Serviteur des Deux Saintes Mosqu\u00e9es, le Roi Salman Bin Abdulaziz Al Saoud, et Son Altesse Royale, le Prince Mohamed Bin Salman Bin Abdulaziz Al Saoud, Prince h\u00e9ritier, ainsi que leurs meilleurs v\u0153ux de succ\u00e8s pour la pr\u00e9sente session de la conf\u00e9rence.<\/p>\n<p>Le ministre Al-Qasabi a mis en exergue les d\u00e9fis que connait le monde actuellement et ce que cela n\u00e9cessite comme coordination des efforts entre les pays de l\u2019OCI pour y faire face, appelant \u00e0 l\u2019\u00e9laboration d\u2019une feuille de route avec des m\u00e9canismes clairs bas\u00e9s sur la confiance pour faire avancer l\u2019action islamique commune.<\/p>\n<p>Il a exprim\u00e9 ses remerciements au gouvernement turc pour l\u2019accueil chaleureux, soulignant que la r\u00e9union constitue une opportunit\u00e9 pour poursuivre la coordination des m\u00e9dias des pays de la r\u00e9gion \u00e0 la lumi\u00e8re de la transformation que connaissent les m\u00e9dias, ce qui n\u00e9cessite une r\u00e9vision des contenus informatifs en vue d\u2019atteindre le public de mani\u00e8re intelligente et rapide.<\/p>\n<p>Il a indiqu\u00e9 que \u201cla session pr\u00e9c\u00e9dente a adopt\u00e9 12 d\u00e9cisions, dont la coordination sur la Palestine et Al Quds, l\u2019adoption de la strat\u00e9gie globale de l\u2019organisation pour l\u2019ann\u00e9e 2025, l\u2019autonomisation des femmes dans les m\u00e9dias et le soutien au continent africain\u201d.<\/p>\n<p>Il a soulign\u00e9 que \u201cla dynamisation de l\u2019action m\u00e9diatique des pays de l\u2019OCI n\u00e9cessite une \u00e9valuation transparente de la situation actuelle, le diagnostic des erreurs, l\u2019identification des d\u00e9fis et leurs r\u00e9solutions, ainsi que l\u2019\u00e9tablissement d\u2019une feuille de route claire avec des objectifs sp\u00e9cifiques pour faire avancer l\u2019action commune\u201d.<\/p>\n<p>\u00c0 son tour, le Pr Fahrettin Altun, directeur de la communication \u00e0 la pr\u00e9sidence de la R\u00e9publique turque, pr\u00e9sident de la r\u00e9union, a soulign\u00e9 les d\u00e9fis auxquels sont confront\u00e9s les \u00c9tats membres, et a d\u00e9clar\u00e9 qu\u2019il y avait une grande responsabilit\u00e9 incombe sur la conf\u00e9rence, d\u2019autant plus que la d\u00e9sinformation dans les m\u00e9dias augmente et engendre de grands probl\u00e8mes, compte tenu de la difficult\u00e9 d\u2019acc\u00e8s \u00e0 la v\u00e9rit\u00e9 partout dans le monde.<\/p>\n<p>Le Secr\u00e9taire g\u00e9n\u00e9ral de l\u2019Organisation, M. Hussein Ibrahim Taha, a d\u00e9clar\u00e9 que la session, intitul\u00e9 : \u00ab Combattre la d\u00e9sinformation et l\u2019islamophobie \u00e0 l\u2019\u00e8re de l\u2019apr\u00e8s-v\u00e9rit\u00e9 \u00bb abordera les d\u00e9fis auxquels est confront\u00e9 le secteur des m\u00e9dias dans les \u00c9tats membres de l\u2019organisation, et passera en revue le discours m\u00e9diatique dirig\u00e9 vers l\u2019autre \u00e0 travers les m\u00e9dias traditionnels, les canaux m\u00e9diatiques modernes et les r\u00e9seaux sociaux, soulignant que ces derniers ont rendu la communication m\u00e9diatique accessible pour tous.<\/p>\n<p>Le Secr\u00e9taire g\u00e9n\u00e9ral a indiqu\u00e9 que la session abordera un certain nombre de questions, notamment la question palestinienne et Al-Quds Al-Sharif, soulignant les attaques contre la sainte mosqu\u00e9e Al-Aqsa.<\/p>\n<p>Il s\u2019agit, \u00e9galement, a-t-il indiqu\u00e9, de mettre l\u2019accent sur les \u00c9tats membres appartenant au continent africain et de r\u00e9activer le projet relatif au lancement du prix international de l\u2019organisation r\u00e9compensant les m\u00e9dias et les professionnels des m\u00e9dias dans le domaine de la promotion du dialogue, de la tol\u00e9rance et de la coh\u00e9sion entre les cultures.<\/p>\n<p>Il a ajout\u00e9 que ce qui m\u00e9rite de retenir l\u2019attention, c\u2019est l\u2019\u00e9volution continue du ph\u00e9nom\u00e8ne du terrorisme et de la rh\u00e9torique de l\u2019extr\u00e9misme, qui ont trouv\u00e9 leur chemin dans certaines soci\u00e9t\u00e9s des \u00c9tats membres, influen\u00e7ant des couches jeunes par un discours religieux en contradiction avec les enseignements de notre sainte religion.<\/p>\n<p>Le Secr\u00e9taire g\u00e9n\u00e9ral a indiqu\u00e9 que les institutions m\u00e9diatiques et les m\u00e9dias affili\u00e9s \u00e0 l\u2019Organisation et aux \u00c9tats membres, devraient relever les d\u00e9fis par un discours conscient et persuasif et par l\u2019information sur les projets ambitieux de d\u00e9veloppement \u00e9conomiques, touristique et culturels qui donnent espoir.<\/p>\n<p>D\u2019autre part, le Secr\u00e9taire g\u00e9n\u00e9ral a hautement appr\u00e9ci\u00e9 les efforts des organisateurs de cette session, soulignant que la d\u00e9sinformation des m\u00e9dias et le ph\u00e9nom\u00e8ne de l\u2019islamophobie sont parmi les pratiques les plus dangereuses pour falsifier les faits et tromper l\u2019opinion publique locale et mondiale.<\/p>\n<p>Il a soulign\u00e9 que la d\u00e9sinformation et le ph\u00e9nom\u00e8ne de l\u2019islamophobie visent \u00e0 d\u00e9naturer la v\u00e9rit\u00e9, l\u2019information, la tol\u00e9rance de la religion islamique et la noblesse de ses valeurs de cette derni\u00e8re, appelant \u00e0 lutter avec acharnement contre ces ph\u00e9nom\u00e8nes dangereux \u00e0 travers les m\u00e9dias et \u00e0 travers des approches et des m\u00e9canismes qui seront discut\u00e9s au cours de cette session.<br \/>\nAmi<\/p>\n","protected":false},"excerpt":{"rendered":"<p>La douzi\u00e8me session de la Conf\u00e9rence islamique des ministres de l\u2019information de l\u2019Organisation de la coop\u00e9ration islamique (OCI) s\u2019est ouverte aujourd\u2019hui, samedi, \u00e0 Istanbul, avec la participation du ministre de la Culture, de la Jeunesse, des Sports et des Relations avec le Parlement, M. Mohamed Ould Soueidatt, et d\u2019un certain nombre de plusieurs des ministres &hellip;<\/p>\n","protected":false},"author":2,"featured_media":2569,"comment_status":"open","ping_status":"open","sticky":false,"template":"","format":"standard","meta":{"footnotes":""},"categories":[15],"tags":[],"class_list":["post-2568","post","type-post","status-publish","format-standard","has-post-thumbnail","hentry","category-culture"],"_links":{"self":[{"href":"https:\/\/ladepeche.mr\/index.php?rest_route=\/wp\/v2\/posts\/2568","targetHints":{"allow":["GET"]}}],"collection":[{"href":"https:\/\/ladepeche.mr\/index.php?rest_route=\/wp\/v2\/posts"}],"about":[{"href":"https:\/\/ladepeche.mr\/index.php?rest_route=\/wp\/v2\/types\/post"}],"author":[{"embeddable":true,"href":"https:\/\/ladepeche.mr\/index.php?rest_route=\/wp\/v2\/users\/2"}],"replies":[{"embeddable":true,"href":"https:\/\/ladepeche.mr\/index.php?rest_route=%2Fwp%2Fv2%2Fcomments&post=2568"}],"version-history":[{"count":1,"href":"https:\/\/ladepeche.mr\/index.php?rest_route=\/wp\/v2\/posts\/2568\/revisions"}],"predecessor-version":[{"id":2570,"href":"https:\/\/ladepeche.mr\/index.php?rest_route=\/wp\/v2\/posts\/2568\/revisions\/2570"}],"wp:featuredmedia":[{"embeddable":true,"href":"https:\/\/ladepeche.mr\/index.php?rest_route=\/wp\/v2\/media\/2569"}],"wp:attachment":[{"href":"https:\/\/ladepeche.mr\/index.php?rest_route=%2Fwp%2Fv2%2Fmedia&parent=2568"}],"wp:term":[{"taxonomy":"category","embeddable":true,"href":"https:\/\/ladepeche.mr\/index.php?rest_route=%2Fwp%2Fv2%2Fcategories&post=2568"},{"taxonomy":"post_tag","embeddable":true,"href":"https:\/\/ladepeche.mr\/index.php?rest_route=%2Fwp%2Fv2%2Ftags&post=2568"}],"curies":[{"name":"wp","href":"https:\/\/api.w.org\/{rel}","templated":true}]}}