{"id":2574,"date":"2022-10-22T19:46:38","date_gmt":"2022-10-22T19:46:38","guid":{"rendered":"https:\/\/ladepeche.mr\/?p=2574"},"modified":"2022-10-22T19:46:49","modified_gmt":"2022-10-22T19:46:49","slug":"ministre-de-la-culture-les-preparatifs-vont-bon-train-pour-faire-de-nouakchott-la-capitale-de-la-culture-islamique-en-2023","status":"publish","type":"post","link":"https:\/\/ladepeche.mr\/?p=2574","title":{"rendered":"Ministre de la Culture: Les pr\u00e9paratifs vont bon train pour faire de Nouakchott la capitale de la Culture islamique en 2023"},"content":{"rendered":"<p>Le ministre de la Culture, de la Jeunesse, des Sports et des Relations avec le Parlement, Mohamed Ould Sweidat a annonc\u00e9 ce samedi le d\u00e9but des pr\u00e9paratifs pratiques pour que Nouakchott soit la capitale de la culture islamique pour l&#8217;ann\u00e9e 2023; une d\u00e9cision  que le gouvernement a approuv\u00e9e le 13 octobre 2022 et \u00e0 appel\u00e9 les Etats membres de l&#8217;ISESCO \u00e0 appuyer le plan op\u00e9rationnel li\u00e9 \u00e0 l\u2019organisation de l&#8217;\u00e9v\u00e9nement.<br \/>\n\u00abNous avons effectivement commenc\u00e9 \u00e0 pr\u00e9parer Nouakchott pour devenir la capitale de la culture islamique\u00a0\u00bb dira le ministre lors de son intervention \u00e0 l\u2019occasion de la douzi\u00e8me session de la Conf\u00e9rence des ministres de l&#8217;information de l&#8217;Organisation de la conf\u00e9rence islamique, tenue en Turquie. Il s\u2019est par ailleurs f\u00e9licit\u00e9 du choix de l&#8217;Organisation islamique pour l&#8217;\u00e9ducation, la culture et les sciences (ISESCO) port\u00e9 sur Nouakchott comme capitale de la culture islamique pour l&#8217;ann\u00e9e 2023.<\/p>\n<p>Le gouvernement mauritanien avait, rappelle-t-on, approuv\u00e9, lors de sa r\u00e9union tenue le 13 de ce mois, une communication soumise par le ministre des affaires islamiques et de l\u2019enseignement originel , pour faire de Nouakchott la capitale de la culture islamique pour le ann\u00e9e 2023. .<\/p>\n","protected":false},"excerpt":{"rendered":"<p>Le ministre de la Culture, de la Jeunesse, des Sports et des Relations avec le Parlement, Mohamed Ould Sweidat a annonc\u00e9 ce samedi le d\u00e9but des pr\u00e9paratifs pratiques pour que Nouakchott soit la capitale de la culture islamique pour l&#8217;ann\u00e9e 2023; une d\u00e9cision que le gouvernement a approuv\u00e9e le 13 octobre 2022 et \u00e0 appel\u00e9 &hellip;<\/p>\n","protected":false},"author":2,"featured_media":2576,"comment_status":"open","ping_status":"open","sticky":false,"template":"","format":"standard","meta":{"footnotes":""},"categories":[18,15],"tags":[],"class_list":["post-2574","post","type-post","status-publish","format-standard","has-post-thumbnail","hentry","category-actualites","category-culture"],"_links":{"self":[{"href":"https:\/\/ladepeche.mr\/index.php?rest_route=\/wp\/v2\/posts\/2574","targetHints":{"allow":["GET"]}}],"collection":[{"href":"https:\/\/ladepeche.mr\/index.php?rest_route=\/wp\/v2\/posts"}],"about":[{"href":"https:\/\/ladepeche.mr\/index.php?rest_route=\/wp\/v2\/types\/post"}],"author":[{"embeddable":true,"href":"https:\/\/ladepeche.mr\/index.php?rest_route=\/wp\/v2\/users\/2"}],"replies":[{"embeddable":true,"href":"https:\/\/ladepeche.mr\/index.php?rest_route=%2Fwp%2Fv2%2Fcomments&post=2574"}],"version-history":[{"count":2,"href":"https:\/\/ladepeche.mr\/index.php?rest_route=\/wp\/v2\/posts\/2574\/revisions"}],"predecessor-version":[{"id":2577,"href":"https:\/\/ladepeche.mr\/index.php?rest_route=\/wp\/v2\/posts\/2574\/revisions\/2577"}],"wp:featuredmedia":[{"embeddable":true,"href":"https:\/\/ladepeche.mr\/index.php?rest_route=\/wp\/v2\/media\/2576"}],"wp:attachment":[{"href":"https:\/\/ladepeche.mr\/index.php?rest_route=%2Fwp%2Fv2%2Fmedia&parent=2574"}],"wp:term":[{"taxonomy":"category","embeddable":true,"href":"https:\/\/ladepeche.mr\/index.php?rest_route=%2Fwp%2Fv2%2Fcategories&post=2574"},{"taxonomy":"post_tag","embeddable":true,"href":"https:\/\/ladepeche.mr\/index.php?rest_route=%2Fwp%2Fv2%2Ftags&post=2574"}],"curies":[{"name":"wp","href":"https:\/\/api.w.org\/{rel}","templated":true}]}}