{"id":2580,"date":"2022-10-23T20:16:36","date_gmt":"2022-10-23T20:16:36","guid":{"rendered":"https:\/\/ladepeche.mr\/?p=2580"},"modified":"2022-10-23T20:16:36","modified_gmt":"2022-10-23T20:16:36","slug":"ouverture-dun-atelier-sur-linventaire-du-patrimoine-culturel-immateriel","status":"publish","type":"post","link":"https:\/\/ladepeche.mr\/?p=2580","title":{"rendered":"Ouverture d\u2019un atelier sur l\u2019inventaire du patrimoine culturel immat\u00e9riel"},"content":{"rendered":"<p>Le minist\u00e8re de la Culture, de la Jeunesse, des Sports et des Relations avec le Parlement, a organis\u00e9, dimanche \u00e0 Nouakchott, en collaboration avec l\u2019Organisation Arabe pour l\u2019Education, la Culture et les Sciences (ALESCO), un atelier sur l\u2019inventaire du patrimoine culturel immat\u00e9riel , l\u2019\u00e9laboration des dossiers nationaux et des des dossiers de candidature pour l\u2019enregistrement aupr\u00e8s de l\u2019UNESCO.<\/p>\n<p>La rencontre qui dure trois jours a port\u00e9 sur la contribution de l\u2019ALESCO \u00e0 la pr\u00e9servation du patrimoine immat\u00e9riel dans les pays arabes, la pr\u00e9sentation d\u2019expos\u00e9s sur le patrimoine immat\u00e9riel en Mauritanie et le processus d\u2019\u00e9laboration d\u2019un dossier arabe commun de candidature sur la liste de ce patrimoine aupr\u00e8s de l\u2019UNESCO.<\/p>\n<p>Dans un mot prononc\u00e9 pour la circonstance, M. Yahya Ould Ahmedou, charg\u00e9 de mission au minist\u00e8re de la Culture , de la Jeunesse, des Sports et des Relations avec le Parlement, a indiqu\u00e9 que la culture est l\u2019un des affluents du d\u00e9veloppement durable des peuples et qu\u2019elle repr\u00e9sente l\u2019identit\u00e9 de la Nation et la preuve palpable de la diversit\u00e9 de son patrimoine culturel.<\/p>\n<p>Il a soulign\u00e9 que l\u2019atelier montre le grand r\u00f4le que joue le cadre humain dans la pr\u00e9servation du patrimoine culturel, en ce sens qu\u2019il contribue \u00e0 dynamiser la sc\u00e8ne culturelle, ce qui est conforme, a-t-il dit, au programme du Pr\u00e9sident de la R\u00e9publique, Son Excellence Monsieur Mohamed Ould Cheikh El Ghazouani et \u00e0 l\u2019ex\u00e9cution de la politique g\u00e9n\u00e9rale du Gouvernement du Premier ministre, M. Mohamed Ould Bilal ould Messoud dans le domaine culturel .<\/p>\n<p>Il a not\u00e9 que le d\u00e9partement ne m\u00e9nagera aucun effort pour associer tous les acteurs culturels au d\u00e9veloppement de la culture qui est l\u2019un des piliers essentiels du d\u00e9veloppement durable.<\/p>\n<p>Il a enfin remerci\u00e9 l\u2019ALESCO pour son r\u00f4le pionnier dans l\u2019appui aux efforts du d\u00e9partement.<\/p>\n<p>De son c\u00f4t\u00e9, le repr\u00e9sentant de l\u2019ALESCO, M. Ahmed Habibi a indiqu\u00e9 que l\u2019atelier compte parmi les activit\u00e9s men\u00e9es par l\u2019organisation dans les pays arabes pour pr\u00e9server le patrimoine immat\u00e9riel et aider les pays arabes \u00e0 \u00e9laborer leurs dossiers nationaux pour l\u2019enregistrement sur la liste de l\u2019UNESCO du patrimoine immat\u00e9riel.<\/p>\n<p>Il a insist\u00e9 sur la volont\u00e9 du directeur g\u00e9n\u00e9ral de l\u2019Organisation, M. Mohamed Ould Amar, de prot\u00e9ger la propri\u00e9t\u00e9 culturelle dans les pays arabes, notamment le patrimoine immat\u00e9riel.<br \/>\nAmi<\/p>\n","protected":false},"excerpt":{"rendered":"<p>Le minist\u00e8re de la Culture, de la Jeunesse, des Sports et des Relations avec le Parlement, a organis\u00e9, dimanche \u00e0 Nouakchott, en collaboration avec l\u2019Organisation Arabe pour l\u2019Education, la Culture et les Sciences (ALESCO), un atelier sur l\u2019inventaire du patrimoine culturel immat\u00e9riel , l\u2019\u00e9laboration des dossiers nationaux et des des dossiers de candidature pour l\u2019enregistrement &hellip;<\/p>\n","protected":false},"author":2,"featured_media":0,"comment_status":"open","ping_status":"open","sticky":false,"template":"","format":"standard","meta":{"footnotes":""},"categories":[15],"tags":[],"class_list":["post-2580","post","type-post","status-publish","format-standard","hentry","category-culture"],"_links":{"self":[{"href":"https:\/\/ladepeche.mr\/index.php?rest_route=\/wp\/v2\/posts\/2580","targetHints":{"allow":["GET"]}}],"collection":[{"href":"https:\/\/ladepeche.mr\/index.php?rest_route=\/wp\/v2\/posts"}],"about":[{"href":"https:\/\/ladepeche.mr\/index.php?rest_route=\/wp\/v2\/types\/post"}],"author":[{"embeddable":true,"href":"https:\/\/ladepeche.mr\/index.php?rest_route=\/wp\/v2\/users\/2"}],"replies":[{"embeddable":true,"href":"https:\/\/ladepeche.mr\/index.php?rest_route=%2Fwp%2Fv2%2Fcomments&post=2580"}],"version-history":[{"count":1,"href":"https:\/\/ladepeche.mr\/index.php?rest_route=\/wp\/v2\/posts\/2580\/revisions"}],"predecessor-version":[{"id":2581,"href":"https:\/\/ladepeche.mr\/index.php?rest_route=\/wp\/v2\/posts\/2580\/revisions\/2581"}],"wp:attachment":[{"href":"https:\/\/ladepeche.mr\/index.php?rest_route=%2Fwp%2Fv2%2Fmedia&parent=2580"}],"wp:term":[{"taxonomy":"category","embeddable":true,"href":"https:\/\/ladepeche.mr\/index.php?rest_route=%2Fwp%2Fv2%2Fcategories&post=2580"},{"taxonomy":"post_tag","embeddable":true,"href":"https:\/\/ladepeche.mr\/index.php?rest_route=%2Fwp%2Fv2%2Ftags&post=2580"}],"curies":[{"name":"wp","href":"https:\/\/api.w.org\/{rel}","templated":true}]}}